{"id":9015,"date":"2026-09-04T09:52:23","date_gmt":"2026-09-04T09:52:23","guid":{"rendered":"https:\/\/ppck.asso.fr\/ppck\/?p=9015"},"modified":"2026-09-04T09:53:40","modified_gmt":"2026-09-04T09:53:40","slug":"reunion-de-rentree","status":"publish","type":"post","link":"https:\/\/ppck.asso.fr\/ppck\/2026\/09\/04\/reunion-de-rentree\/","title":{"rendered":"R\u00c9UNION DE RENTR\u00c9E"},"content":{"rendered":"\n<p class=\"wp-block-paragraph\">\ud83d\udce3\ud83d\udcc5 &#8211;  A tous les adh\u00e9rents \u2139, le PPCK invite tous ses licenci\u00e9s \ud83c\udfd3 \u00ab\u00a0comp\u00e9tition\u00a0\u00bb, adultes &amp; jeunes, \u00e0 la r\u00e9union de rentr\u00e9e \ud83d\udc68\u200d\ud83c\udfeb.<\/p>\n\n\n\n<p class=\"wp-block-paragraph\">Elle aura lieu, vendredi 1\u20e31\u20e3 septembre \u00e0 partir de 19h30 \ud83d\udd62 et voici le programme :<\/p>\n\n\n\n<ul class=\"wp-block-list\">\n<li>Annonce de la composition des 1\u20e36\u20e3 \u00e9quipes s\u00e9niors<\/li>\n\n\n\n<li>Remise des nouveaux maillots \ud83d\udc55<\/li>\n\n\n\n<li>Photo officielle \ud83d\udcf7<\/li>\n\n\n\n<li>Pot de rentr\u00e9e \ud83e\udd42<\/li>\n<\/ul>\n\n\n\n<p class=\"wp-block-paragraph\">Nous vous attendons nombreux pour le coup d&rsquo;envoi \ud83c\udfaf de la saison \ud83c\udfd3\ud83c\udf8a !!!<\/p>\n\n\n\n<figure class=\"wp-block-image size-large\"><img loading=\"lazy\" decoding=\"async\" width=\"683\" height=\"1024\" src=\"https:\/\/ppck.asso.fr\/ppck\/wp-content\/uploads\/2026\/09\/2026_Club_Rentree-683x1024.jpg\" alt=\"\" class=\"wp-image-9016\" srcset=\"https:\/\/ppck.asso.fr\/ppck\/wp-content\/uploads\/2026\/09\/2026_Club_Rentree-683x1024.jpg 683w, https:\/\/ppck.asso.fr\/ppck\/wp-content\/uploads\/2026\/09\/2026_Club_Rentree-200x300.jpg 200w, https:\/\/ppck.asso.fr\/ppck\/wp-content\/uploads\/2026\/09\/2026_Club_Rentree-768x1152.jpg 768w, https:\/\/ppck.asso.fr\/ppck\/wp-content\/uploads\/2026\/09\/2026_Club_Rentree.jpg 1024w\" sizes=\"auto, (max-width: 683px) 100vw, 683px\" \/><\/figure>\n","protected":false},"excerpt":{"rendered":"<p>ON VOUS ATTEND NOMBREUX<BR>VENDREDI 11 SEPTEMBRE<BR> A PARTIR DE 19H30<\/p>\n","protected":false},"author":1,"featured_media":9016,"comment_status":"closed","ping_status":"closed","sticky":false,"template":"","format":"standard","meta":{"footnotes":""},"categories":[1],"tags":[],"class_list":["post-9015","post","type-post","status-publish","format-standard","has-post-thumbnail","hentry","category-general"],"publishpress_future_action":{"enabled":false,"date":"2026-09-13 07:22:31","action":"change-status","newStatus":"draft","terms":[],"taxonomy":"category","extraData":[]},"publishpress_future_workflow_manual_trigger":{"enabledWorkflows":[]},"_links":{"self":[{"href":"https:\/\/ppck.asso.fr\/ppck\/wp-json\/wp\/v2\/posts\/9015","targetHints":{"allow":["GET"]}}],"collection":[{"href":"https:\/\/ppck.asso.fr\/ppck\/wp-json\/wp\/v2\/posts"}],"about":[{"href":"https:\/\/ppck.asso.fr\/ppck\/wp-json\/wp\/v2\/types\/post"}],"author":[{"embeddable":true,"href":"https:\/\/ppck.asso.fr\/ppck\/wp-json\/wp\/v2\/users\/1"}],"replies":[{"embeddable":true,"href":"https:\/\/ppck.asso.fr\/ppck\/wp-json\/wp\/v2\/comments?post=9015"}],"version-history":[{"count":2,"href":"https:\/\/ppck.asso.fr\/ppck\/wp-json\/wp\/v2\/posts\/9015\/revisions"}],"predecessor-version":[{"id":9018,"href":"https:\/\/ppck.asso.fr\/ppck\/wp-json\/wp\/v2\/posts\/9015\/revisions\/9018"}],"wp:featuredmedia":[{"embeddable":true,"href":"https:\/\/ppck.asso.fr\/ppck\/wp-json\/wp\/v2\/media\/9016"}],"wp:attachment":[{"href":"https:\/\/ppck.asso.fr\/ppck\/wp-json\/wp\/v2\/media?parent=9015"}],"wp:term":[{"taxonomy":"category","embeddable":true,"href":"https:\/\/ppck.asso.fr\/ppck\/wp-json\/wp\/v2\/categories?post=9015"},{"taxonomy":"post_tag","embeddable":true,"href":"https:\/\/ppck.asso.fr\/ppck\/wp-json\/wp\/v2\/tags?post=9015"}],"curies":[{"name":"wp","href":"https:\/\/api.w.org\/{rel}","templated":true}]}}