{"id":8249,"date":"2026-04-27T06:38:35","date_gmt":"2026-04-27T06:38:35","guid":{"rendered":"https:\/\/ppck.asso.fr\/ppck\/?p=8249"},"modified":"2026-04-27T06:38:35","modified_gmt":"2026-04-27T06:38:35","slug":"finales-regionales-par-classement","status":"publish","type":"post","link":"https:\/\/ppck.asso.fr\/ppck\/2026\/04\/27\/finales-regionales-par-classement\/","title":{"rendered":"FINALES R\u00c9GIONALES PAR CLASSEMENT"},"content":{"rendered":"\n<p>\ud83d\udc51\ud83c\udfd3 &#8211; 2\ufe0f\u20e3 pongistes du PPCK \ud83d\udd35\u26ab\u26aa ont pris la route de Pontivy, pour le \u00ab\u00a0Bretagne par classement\u00a0\u00bb.<br>Clement, en cat\u00e9gorie H15, s&rsquo;incline en 1\/16eme de finale. Malo r\u00e9ussi un parcours exemplaire \ud83d\udcaa et atteint la finale o\u00f9 il s&rsquo;impose face \u00e0 l&rsquo;un des favoris \ud83e\udd73.<br>Il devient donc champion de Bretagne \ud83d\udc51 H12 et repr\u00e9sentera le club \u00e0 Questembert, lors des Finales Nationales. Bravo \u00e0 lui \ud83d\udc4f et merci \u00e0 coach Couscous pour le soutien.<\/p>\n\n\n\n<figure class=\"wp-block-image size-large\"><img loading=\"lazy\" decoding=\"async\" width=\"1024\" height=\"768\" src=\"https:\/\/ppck.asso.fr\/ppck\/wp-content\/uploads\/2026\/04\/2026_FINALR01-1024x768.jpg\" alt=\"\" class=\"wp-image-8250\" srcset=\"https:\/\/ppck.asso.fr\/ppck\/wp-content\/uploads\/2026\/04\/2026_FINALR01-1024x768.jpg 1024w, https:\/\/ppck.asso.fr\/ppck\/wp-content\/uploads\/2026\/04\/2026_FINALR01-300x225.jpg 300w, https:\/\/ppck.asso.fr\/ppck\/wp-content\/uploads\/2026\/04\/2026_FINALR01-768x576.jpg 768w, https:\/\/ppck.asso.fr\/ppck\/wp-content\/uploads\/2026\/04\/2026_FINALR01-1536x1152.jpg 1536w, https:\/\/ppck.asso.fr\/ppck\/wp-content\/uploads\/2026\/04\/2026_FINALR01.jpg 2048w\" sizes=\"auto, (max-width: 1024px) 100vw, 1024px\" \/><\/figure>\n\n\n\n<figure class=\"wp-block-image size-large\"><img loading=\"lazy\" decoding=\"async\" width=\"1024\" height=\"768\" src=\"https:\/\/ppck.asso.fr\/ppck\/wp-content\/uploads\/2026\/04\/2026_FINALR02-1024x768.jpg\" alt=\"\" class=\"wp-image-8251\" srcset=\"https:\/\/ppck.asso.fr\/ppck\/wp-content\/uploads\/2026\/04\/2026_FINALR02-1024x768.jpg 1024w, https:\/\/ppck.asso.fr\/ppck\/wp-content\/uploads\/2026\/04\/2026_FINALR02-300x225.jpg 300w, https:\/\/ppck.asso.fr\/ppck\/wp-content\/uploads\/2026\/04\/2026_FINALR02-768x576.jpg 768w, https:\/\/ppck.asso.fr\/ppck\/wp-content\/uploads\/2026\/04\/2026_FINALR02-1536x1152.jpg 1536w, https:\/\/ppck.asso.fr\/ppck\/wp-content\/uploads\/2026\/04\/2026_FINALR02.jpg 2048w\" sizes=\"auto, (max-width: 1024px) 100vw, 1024px\" \/><\/figure>\n","protected":false},"excerpt":{"rendered":"<p>MALO EN ROUTE VERS <BR> LES FINALES NATIONALES<\/p>\n","protected":false},"author":1,"featured_media":8250,"comment_status":"closed","ping_status":"open","sticky":false,"template":"","format":"standard","meta":{"footnotes":""},"categories":[1],"tags":[],"class_list":["post-8249","post","type-post","status-publish","format-standard","has-post-thumbnail","hentry","category-general"],"publishpress_future_action":{"enabled":false,"date":"2026-05-04 14:17:48","action":"change-status","newStatus":"draft","terms":[],"taxonomy":"category","extraData":[]},"publishpress_future_workflow_manual_trigger":{"enabledWorkflows":[]},"_links":{"self":[{"href":"https:\/\/ppck.asso.fr\/ppck\/wp-json\/wp\/v2\/posts\/8249","targetHints":{"allow":["GET"]}}],"collection":[{"href":"https:\/\/ppck.asso.fr\/ppck\/wp-json\/wp\/v2\/posts"}],"about":[{"href":"https:\/\/ppck.asso.fr\/ppck\/wp-json\/wp\/v2\/types\/post"}],"author":[{"embeddable":true,"href":"https:\/\/ppck.asso.fr\/ppck\/wp-json\/wp\/v2\/users\/1"}],"replies":[{"embeddable":true,"href":"https:\/\/ppck.asso.fr\/ppck\/wp-json\/wp\/v2\/comments?post=8249"}],"version-history":[{"count":1,"href":"https:\/\/ppck.asso.fr\/ppck\/wp-json\/wp\/v2\/posts\/8249\/revisions"}],"predecessor-version":[{"id":8252,"href":"https:\/\/ppck.asso.fr\/ppck\/wp-json\/wp\/v2\/posts\/8249\/revisions\/8252"}],"wp:featuredmedia":[{"embeddable":true,"href":"https:\/\/ppck.asso.fr\/ppck\/wp-json\/wp\/v2\/media\/8250"}],"wp:attachment":[{"href":"https:\/\/ppck.asso.fr\/ppck\/wp-json\/wp\/v2\/media?parent=8249"}],"wp:term":[{"taxonomy":"category","embeddable":true,"href":"https:\/\/ppck.asso.fr\/ppck\/wp-json\/wp\/v2\/categories?post=8249"},{"taxonomy":"post_tag","embeddable":true,"href":"https:\/\/ppck.asso.fr\/ppck\/wp-json\/wp\/v2\/tags?post=8249"}],"curies":[{"name":"wp","href":"https:\/\/api.w.org\/{rel}","templated":true}]}}