{"id":8245,"date":"2026-04-27T06:08:50","date_gmt":"2026-04-27T06:08:50","guid":{"rendered":"https:\/\/ppck.asso.fr\/ppck\/?p=8245"},"modified":"2026-04-27T06:08:50","modified_gmt":"2026-04-27T06:08:50","slug":"merci","status":"publish","type":"post","link":"https:\/\/ppck.asso.fr\/ppck\/2026\/04\/27\/merci\/","title":{"rendered":"MERCI"},"content":{"rendered":"\n<p>\ud83d\udc4d &#8211; Nos jeunes b\u00e9n\u00e9voles \ud83d\udc4f, Dana &amp; Romane L&rsquo;HOUR, ont \u00e9t\u00e9 mises \u00e0 l&rsquo;honneur ce samedi \ud83d\udc4d.<br>B\u00e9n\u00e9voles aupr\u00e8s du groupe des 4\ufe0f\u20e3-7\ufe0f\u20e3 ans, arbitre et juge-arbitre \ud83c\udfd3, elles aident \u00e0 la bonne marche du club depuis plusieurs saisons, malgr\u00e9 leur jeune \u00e2ge.<br>C&rsquo;est pourquoi, elles ont re\u00e7u de la part du d\u00e9partement, une lettre de distinction \u2709\ufe0f et de remerciement  pour leur d\u00e9vouement et leurs actions dans le sport.<br>De la part du club \ud83d\udd35\u26ab\u26aa, BRAVO &amp; MERCI !!!<\/p>\n\n\n\n<figure class=\"wp-block-image size-large\"><img loading=\"lazy\" decoding=\"async\" width=\"768\" height=\"1024\" src=\"https:\/\/ppck.asso.fr\/ppck\/wp-content\/uploads\/2026\/04\/2026_FFMJSEA01-768x1024.jpg\" alt=\"\" class=\"wp-image-8246\" srcset=\"https:\/\/ppck.asso.fr\/ppck\/wp-content\/uploads\/2026\/04\/2026_FFMJSEA01-768x1024.jpg 768w, https:\/\/ppck.asso.fr\/ppck\/wp-content\/uploads\/2026\/04\/2026_FFMJSEA01-225x300.jpg 225w, https:\/\/ppck.asso.fr\/ppck\/wp-content\/uploads\/2026\/04\/2026_FFMJSEA01-1152x1536.jpg 1152w, https:\/\/ppck.asso.fr\/ppck\/wp-content\/uploads\/2026\/04\/2026_FFMJSEA01.jpg 1500w\" sizes=\"auto, (max-width: 768px) 100vw, 768px\" \/><\/figure>\n\n\n\n<figure class=\"wp-block-image size-large\"><img loading=\"lazy\" decoding=\"async\" width=\"1024\" height=\"768\" src=\"https:\/\/ppck.asso.fr\/ppck\/wp-content\/uploads\/2026\/04\/2026_FFMJSEA02-1024x768.jpg\" alt=\"\" class=\"wp-image-8247\" srcset=\"https:\/\/ppck.asso.fr\/ppck\/wp-content\/uploads\/2026\/04\/2026_FFMJSEA02-1024x768.jpg 1024w, https:\/\/ppck.asso.fr\/ppck\/wp-content\/uploads\/2026\/04\/2026_FFMJSEA02-300x225.jpg 300w, https:\/\/ppck.asso.fr\/ppck\/wp-content\/uploads\/2026\/04\/2026_FFMJSEA02-768x576.jpg 768w, https:\/\/ppck.asso.fr\/ppck\/wp-content\/uploads\/2026\/04\/2026_FFMJSEA02-1536x1152.jpg 1536w, https:\/\/ppck.asso.fr\/ppck\/wp-content\/uploads\/2026\/04\/2026_FFMJSEA02.jpg 2000w\" sizes=\"auto, (max-width: 1024px) 100vw, 1024px\" \/><\/figure>\n","protected":false},"excerpt":{"rendered":"<p>ROMANE &#038; DANA A L&rsquo;HONNEUR<\/p>\n","protected":false},"author":1,"featured_media":8246,"comment_status":"closed","ping_status":"open","sticky":false,"template":"","format":"standard","meta":{"footnotes":""},"categories":[1],"tags":[],"class_list":["post-8245","post","type-post","status-publish","format-standard","has-post-thumbnail","hentry","category-general"],"publishpress_future_action":{"enabled":false,"date":"2026-05-04 14:17:48","action":"change-status","newStatus":"draft","terms":[],"taxonomy":"category","extraData":[]},"publishpress_future_workflow_manual_trigger":{"enabledWorkflows":[]},"_links":{"self":[{"href":"https:\/\/ppck.asso.fr\/ppck\/wp-json\/wp\/v2\/posts\/8245","targetHints":{"allow":["GET"]}}],"collection":[{"href":"https:\/\/ppck.asso.fr\/ppck\/wp-json\/wp\/v2\/posts"}],"about":[{"href":"https:\/\/ppck.asso.fr\/ppck\/wp-json\/wp\/v2\/types\/post"}],"author":[{"embeddable":true,"href":"https:\/\/ppck.asso.fr\/ppck\/wp-json\/wp\/v2\/users\/1"}],"replies":[{"embeddable":true,"href":"https:\/\/ppck.asso.fr\/ppck\/wp-json\/wp\/v2\/comments?post=8245"}],"version-history":[{"count":1,"href":"https:\/\/ppck.asso.fr\/ppck\/wp-json\/wp\/v2\/posts\/8245\/revisions"}],"predecessor-version":[{"id":8248,"href":"https:\/\/ppck.asso.fr\/ppck\/wp-json\/wp\/v2\/posts\/8245\/revisions\/8248"}],"wp:featuredmedia":[{"embeddable":true,"href":"https:\/\/ppck.asso.fr\/ppck\/wp-json\/wp\/v2\/media\/8246"}],"wp:attachment":[{"href":"https:\/\/ppck.asso.fr\/ppck\/wp-json\/wp\/v2\/media?parent=8245"}],"wp:term":[{"taxonomy":"category","embeddable":true,"href":"https:\/\/ppck.asso.fr\/ppck\/wp-json\/wp\/v2\/categories?post=8245"},{"taxonomy":"post_tag","embeddable":true,"href":"https:\/\/ppck.asso.fr\/ppck\/wp-json\/wp\/v2\/tags?post=8245"}],"curies":[{"name":"wp","href":"https:\/\/api.w.org\/{rel}","templated":true}]}}