{"id":8242,"date":"2026-04-27T06:04:47","date_gmt":"2026-04-27T06:04:47","guid":{"rendered":"https:\/\/ppck.asso.fr\/ppck\/?p=8242"},"modified":"2026-04-27T06:04:47","modified_gmt":"2026-04-27T06:04:47","slug":"equipe-type-j4-phase-2-2","status":"publish","type":"post","link":"https:\/\/ppck.asso.fr\/ppck\/2026\/04\/27\/equipe-type-j4-phase-2-2\/","title":{"rendered":"\u00c9QUIPE TYPE \/ J4 PHASE 2"},"content":{"rendered":"\n<p>\ud83c\udfc5\ud83d\udcdd &#8211; Avec ce planning charg\u00e9 au club \ud83e\udd75, on a failli zapper l&rsquo;\u00e9quipe type de la J4\ufe0f\u20e3. Alors qui a brill\u00e9 lors de ce 4\ufe0f\u20e3\u00e8me acte du championnat, qui fait partie de l&rsquo;\u00e9quipe des 4\ufe0f\u20e3 fantastiques \ud83e\uddb8\ud83e\uddb8\u200d\u2642\ufe0f\ud83e\uddb9\u200d\u2642\ufe0f\ud83e\uddb9 de la semaine !!!<\/p>\n\n\n\n<p>Pour rappel dans cette \u00e9quipe \u00ab\u00a0symbolique\u00a0\u00bb, 4\ufe0f\u20e3 kerhorres \ud83d\udc19 qui auront assur\u00e9, chacun \u00e0 leur niveau, et auront port\u00e9 bien haut les couleurs du club \ud83d\udd35\u26ab\u26aa.<\/p>\n\n\n\n<p>Le jury a tranch\u00e9 et en cette J4\ufe0f\u20e3 voici les laur\u00e9ats. Toutes nos f\u00e9licitations \u00e0 Simon, Laurent, Patrick et Vincent. Vous avez assur\u00e9 \ud83e\udd73\ud83c\udf89 !!!<\/p>\n\n\n\n<figure class=\"wp-block-image size-full\"><img loading=\"lazy\" decoding=\"async\" width=\"940\" height=\"788\" src=\"https:\/\/ppck.asso.fr\/ppck\/wp-content\/uploads\/2026\/04\/2026_EQT_PH2J4.jpg\" alt=\"\" class=\"wp-image-8243\" srcset=\"https:\/\/ppck.asso.fr\/ppck\/wp-content\/uploads\/2026\/04\/2026_EQT_PH2J4.jpg 940w, https:\/\/ppck.asso.fr\/ppck\/wp-content\/uploads\/2026\/04\/2026_EQT_PH2J4-300x251.jpg 300w, https:\/\/ppck.asso.fr\/ppck\/wp-content\/uploads\/2026\/04\/2026_EQT_PH2J4-768x644.jpg 768w\" sizes=\"auto, (max-width: 940px) 100vw, 940px\" \/><\/figure>\n","protected":false},"excerpt":{"rendered":"<p>LES 4 FANTASTIQUES DE LA J4<\/p>\n","protected":false},"author":1,"featured_media":8243,"comment_status":"closed","ping_status":"open","sticky":false,"template":"","format":"standard","meta":{"footnotes":""},"categories":[1],"tags":[],"class_list":["post-8242","post","type-post","status-publish","format-standard","has-post-thumbnail","hentry","category-general"],"publishpress_future_action":{"enabled":false,"date":"2026-05-04 14:18:14","action":"change-status","newStatus":"draft","terms":[],"taxonomy":"category","extraData":[]},"publishpress_future_workflow_manual_trigger":{"enabledWorkflows":[]},"_links":{"self":[{"href":"https:\/\/ppck.asso.fr\/ppck\/wp-json\/wp\/v2\/posts\/8242","targetHints":{"allow":["GET"]}}],"collection":[{"href":"https:\/\/ppck.asso.fr\/ppck\/wp-json\/wp\/v2\/posts"}],"about":[{"href":"https:\/\/ppck.asso.fr\/ppck\/wp-json\/wp\/v2\/types\/post"}],"author":[{"embeddable":true,"href":"https:\/\/ppck.asso.fr\/ppck\/wp-json\/wp\/v2\/users\/1"}],"replies":[{"embeddable":true,"href":"https:\/\/ppck.asso.fr\/ppck\/wp-json\/wp\/v2\/comments?post=8242"}],"version-history":[{"count":1,"href":"https:\/\/ppck.asso.fr\/ppck\/wp-json\/wp\/v2\/posts\/8242\/revisions"}],"predecessor-version":[{"id":8244,"href":"https:\/\/ppck.asso.fr\/ppck\/wp-json\/wp\/v2\/posts\/8242\/revisions\/8244"}],"wp:featuredmedia":[{"embeddable":true,"href":"https:\/\/ppck.asso.fr\/ppck\/wp-json\/wp\/v2\/media\/8243"}],"wp:attachment":[{"href":"https:\/\/ppck.asso.fr\/ppck\/wp-json\/wp\/v2\/media?parent=8242"}],"wp:term":[{"taxonomy":"category","embeddable":true,"href":"https:\/\/ppck.asso.fr\/ppck\/wp-json\/wp\/v2\/categories?post=8242"},{"taxonomy":"post_tag","embeddable":true,"href":"https:\/\/ppck.asso.fr\/ppck\/wp-json\/wp\/v2\/tags?post=8242"}],"curies":[{"name":"wp","href":"https:\/\/api.w.org\/{rel}","templated":true}]}}