{"id":7712,"date":"2025-11-12T16:14:27","date_gmt":"2025-11-12T16:14:27","guid":{"rendered":"https:\/\/ppck.asso.fr\/ppck\/?p=7712"},"modified":"2025-11-12T16:14:27","modified_gmt":"2025-11-12T16:14:27","slug":"les-feminines-au-taquet","status":"publish","type":"post","link":"https:\/\/ppck.asso.fr\/ppck\/2025\/11\/12\/les-feminines-au-taquet\/","title":{"rendered":"LES FEMININES \u00ab\u00a0AU TAQUET\u00a0\u00bb"},"content":{"rendered":"\n<p>\ud83d\udeba\ud83d\udcaa &#8211; Nos repr\u00e9sentantes \ud83d\udd35\u26ab\ufe0f\u26aa\ufe0f f\u00e9minines \u00e9taient sur tous les fronts le week-end du 06 au 08 novembre \ud83d\ude31.<br>Vendredi, l&rsquo;\u00e9quipe \ud83d\udc19 compos\u00e9e de C\u00e9cile, Chantal et Yolaine lan\u00e7ait la J1\ufe0f\u20e3 du championnat f\u00e9minin, face aux amies du club des Abers. Une d\u00e9faite prometteuse 4\ufe0f\u20e3-6\ufe0f\u20e3.<br>Dimanche, retour du troph\u00e9e Team Filles \ud83c\udfd3 durant lequel Chantal et C\u00e9cile ont port\u00e9 les couleurs du club. Une excellente 4\ufe0f\u20e3\u00e8me place parmi les 1\ufe0f\u20e32\ufe0f\u20e3 \u00e9quipes engag\u00e9es. Bravo Mesdames. <\/p>\n\n\n\n<figure class=\"wp-block-image size-large\"><img loading=\"lazy\" decoding=\"async\" width=\"1024\" height=\"768\" src=\"https:\/\/ppck.asso.fr\/ppck\/wp-content\/uploads\/2025\/11\/2025_Filles01-1024x768.jpg\" alt=\"\" class=\"wp-image-7713\" srcset=\"https:\/\/ppck.asso.fr\/ppck\/wp-content\/uploads\/2025\/11\/2025_Filles01-1024x768.jpg 1024w, https:\/\/ppck.asso.fr\/ppck\/wp-content\/uploads\/2025\/11\/2025_Filles01-300x225.jpg 300w, https:\/\/ppck.asso.fr\/ppck\/wp-content\/uploads\/2025\/11\/2025_Filles01-768x576.jpg 768w, https:\/\/ppck.asso.fr\/ppck\/wp-content\/uploads\/2025\/11\/2025_Filles01-1536x1152.jpg 1536w, https:\/\/ppck.asso.fr\/ppck\/wp-content\/uploads\/2025\/11\/2025_Filles01.jpg 1600w\" sizes=\"auto, (max-width: 1024px) 100vw, 1024px\" \/><\/figure>\n\n\n\n<figure class=\"wp-block-image size-large\"><img loading=\"lazy\" decoding=\"async\" width=\"768\" height=\"1024\" src=\"https:\/\/ppck.asso.fr\/ppck\/wp-content\/uploads\/2025\/11\/2025_Filles02-768x1024.jpg\" alt=\"\" class=\"wp-image-7714\" srcset=\"https:\/\/ppck.asso.fr\/ppck\/wp-content\/uploads\/2025\/11\/2025_Filles02-768x1024.jpg 768w, https:\/\/ppck.asso.fr\/ppck\/wp-content\/uploads\/2025\/11\/2025_Filles02-225x300.jpg 225w, https:\/\/ppck.asso.fr\/ppck\/wp-content\/uploads\/2025\/11\/2025_Filles02-1152x1536.jpg 1152w, https:\/\/ppck.asso.fr\/ppck\/wp-content\/uploads\/2025\/11\/2025_Filles02.jpg 1200w\" sizes=\"auto, (max-width: 768px) 100vw, 768px\" \/><\/figure>\n\n\n\n<figure class=\"wp-block-image size-large\"><img loading=\"lazy\" decoding=\"async\" width=\"1024\" height=\"768\" src=\"https:\/\/ppck.asso.fr\/ppck\/wp-content\/uploads\/2025\/11\/2025_Filles03-1024x768.jpg\" alt=\"\" class=\"wp-image-7715\" srcset=\"https:\/\/ppck.asso.fr\/ppck\/wp-content\/uploads\/2025\/11\/2025_Filles03-1024x768.jpg 1024w, https:\/\/ppck.asso.fr\/ppck\/wp-content\/uploads\/2025\/11\/2025_Filles03-300x225.jpg 300w, https:\/\/ppck.asso.fr\/ppck\/wp-content\/uploads\/2025\/11\/2025_Filles03-768x576.jpg 768w, https:\/\/ppck.asso.fr\/ppck\/wp-content\/uploads\/2025\/11\/2025_Filles03-1536x1152.jpg 1536w, https:\/\/ppck.asso.fr\/ppck\/wp-content\/uploads\/2025\/11\/2025_Filles03.jpg 1600w\" sizes=\"auto, (max-width: 1024px) 100vw, 1024px\" \/><\/figure>\n","protected":false},"excerpt":{"rendered":"<p>GROS WEEK-END POUR LES FILLES<\/p>\n","protected":false},"author":1,"featured_media":7713,"comment_status":"closed","ping_status":"open","sticky":false,"template":"","format":"standard","meta":{"footnotes":""},"categories":[1],"tags":[],"class_list":["post-7712","post","type-post","status-publish","format-standard","has-post-thumbnail","hentry","category-general"],"publishpress_future_action":{"enabled":false,"date":"2026-05-05 04:21:30","action":"change-status","newStatus":"draft","terms":[],"taxonomy":"category","extraData":[]},"publishpress_future_workflow_manual_trigger":{"enabledWorkflows":[]},"_links":{"self":[{"href":"https:\/\/ppck.asso.fr\/ppck\/wp-json\/wp\/v2\/posts\/7712","targetHints":{"allow":["GET"]}}],"collection":[{"href":"https:\/\/ppck.asso.fr\/ppck\/wp-json\/wp\/v2\/posts"}],"about":[{"href":"https:\/\/ppck.asso.fr\/ppck\/wp-json\/wp\/v2\/types\/post"}],"author":[{"embeddable":true,"href":"https:\/\/ppck.asso.fr\/ppck\/wp-json\/wp\/v2\/users\/1"}],"replies":[{"embeddable":true,"href":"https:\/\/ppck.asso.fr\/ppck\/wp-json\/wp\/v2\/comments?post=7712"}],"version-history":[{"count":1,"href":"https:\/\/ppck.asso.fr\/ppck\/wp-json\/wp\/v2\/posts\/7712\/revisions"}],"predecessor-version":[{"id":7716,"href":"https:\/\/ppck.asso.fr\/ppck\/wp-json\/wp\/v2\/posts\/7712\/revisions\/7716"}],"wp:featuredmedia":[{"embeddable":true,"href":"https:\/\/ppck.asso.fr\/ppck\/wp-json\/wp\/v2\/media\/7713"}],"wp:attachment":[{"href":"https:\/\/ppck.asso.fr\/ppck\/wp-json\/wp\/v2\/media?parent=7712"}],"wp:term":[{"taxonomy":"category","embeddable":true,"href":"https:\/\/ppck.asso.fr\/ppck\/wp-json\/wp\/v2\/categories?post=7712"},{"taxonomy":"post_tag","embeddable":true,"href":"https:\/\/ppck.asso.fr\/ppck\/wp-json\/wp\/v2\/tags?post=7712"}],"curies":[{"name":"wp","href":"https:\/\/api.w.org\/{rel}","templated":true}]}}