{"id":7709,"date":"2025-11-12T16:08:44","date_gmt":"2025-11-12T16:08:44","guid":{"rendered":"https:\/\/ppck.asso.fr\/ppck\/?p=7709"},"modified":"2025-11-12T16:08:44","modified_gmt":"2025-11-12T16:08:44","slug":"stage-de-noel-3","status":"publish","type":"post","link":"https:\/\/ppck.asso.fr\/ppck\/2025\/11\/12\/stage-de-noel-3\/","title":{"rendered":"STAGE DE NOEL"},"content":{"rendered":"\n<p>\ud83d\udc68\u200d\ud83c\udfeb\ud83c\udfd3 &#8211; Nouveau stage pr\u00e9vu pour No\u00ebl \ud83c\udf85 et encadr\u00e9 par Matthieu Guilcher ! Ouvert aux licenci\u00e9s du club, mais aussi aux pongistes des clubs du Comit\u00e9 du Finist\u00e8re tennis de table, aux Filles du CD29 tennis de table ou encore aux pongistes des clubs locaux FFTT, UFOLEP, FSGT.<\/p>\n\n\n\n<p>\u26a0\ufe0f 2\ufe0f\u20e34\ufe0f\u20e3places ouvertes pour cette session \u26a0\ufe0f durant laquelle plusieurs joueurs de niveau r\u00e9gional viendront relancer \ud83d\udcaa\ud83c\udfd3<\/p>\n\n\n\n<p>Une opposition de qualit\u00e9 pour TOUS !!!<br>N&rsquo;h\u00e9sitez pas \u00e0 vous inscrire \ud83d\udccb via le site du club (<strong>Rubrique STAGE<\/strong>) ou avec ce lien <a href=\"https:\/\/docs.google.com\/forms\/d\/e\/1FAIpQLSeDZ97qkSdYdf13DOKM203tlZAqLzFTwZlytJqjakueMV8d7w\/viewform?pli=1\" data-type=\"link\" data-id=\"https:\/\/docs.google.com\/forms\/d\/e\/1FAIpQLSeDZ97qkSdYdf13DOKM203tlZAqLzFTwZlytJqjakueMV8d7w\/viewform?pli=1\" target=\"_blank\" rel=\"noreferrer noopener\"><strong>LIEN INSCRIPTION<\/strong><\/a><br>\ud83d\udcc5 du lundi 22 au mardi 23 d\u00e9cembre<br>\ud83d\udccc salle sp\u00e9cifique du PPCK<br>\u23f1 de 10h \u00e0 16h30<\/p>\n\n\n\n<figure class=\"wp-block-image size-large\"><img loading=\"lazy\" decoding=\"async\" width=\"724\" height=\"1024\" src=\"https:\/\/ppck.asso.fr\/ppck\/wp-content\/uploads\/2025\/11\/2025_StageNoel-724x1024.jpg\" alt=\"\" class=\"wp-image-7710\" srcset=\"https:\/\/ppck.asso.fr\/ppck\/wp-content\/uploads\/2025\/11\/2025_StageNoel-724x1024.jpg 724w, https:\/\/ppck.asso.fr\/ppck\/wp-content\/uploads\/2025\/11\/2025_StageNoel-212x300.jpg 212w, https:\/\/ppck.asso.fr\/ppck\/wp-content\/uploads\/2025\/11\/2025_StageNoel-768x1086.jpg 768w, https:\/\/ppck.asso.fr\/ppck\/wp-content\/uploads\/2025\/11\/2025_StageNoel-1087x1536.jpg 1087w, https:\/\/ppck.asso.fr\/ppck\/wp-content\/uploads\/2025\/11\/2025_StageNoel.jpg 1415w\" sizes=\"auto, (max-width: 724px) 100vw, 724px\" \/><\/figure>\n","protected":false},"excerpt":{"rendered":"<p>24 PLACES DISPONIBLES&#8230;<\/p>\n","protected":false},"author":1,"featured_media":7710,"comment_status":"closed","ping_status":"open","sticky":false,"template":"","format":"standard","meta":{"footnotes":""},"categories":[1],"tags":[],"class_list":["post-7709","post","type-post","status-publish","format-standard","has-post-thumbnail","hentry","category-general"],"publishpress_future_action":{"enabled":false,"date":"2026-05-05 04:21:30","action":"change-status","newStatus":"draft","terms":[],"taxonomy":"category","extraData":[]},"publishpress_future_workflow_manual_trigger":{"enabledWorkflows":[]},"_links":{"self":[{"href":"https:\/\/ppck.asso.fr\/ppck\/wp-json\/wp\/v2\/posts\/7709","targetHints":{"allow":["GET"]}}],"collection":[{"href":"https:\/\/ppck.asso.fr\/ppck\/wp-json\/wp\/v2\/posts"}],"about":[{"href":"https:\/\/ppck.asso.fr\/ppck\/wp-json\/wp\/v2\/types\/post"}],"author":[{"embeddable":true,"href":"https:\/\/ppck.asso.fr\/ppck\/wp-json\/wp\/v2\/users\/1"}],"replies":[{"embeddable":true,"href":"https:\/\/ppck.asso.fr\/ppck\/wp-json\/wp\/v2\/comments?post=7709"}],"version-history":[{"count":1,"href":"https:\/\/ppck.asso.fr\/ppck\/wp-json\/wp\/v2\/posts\/7709\/revisions"}],"predecessor-version":[{"id":7711,"href":"https:\/\/ppck.asso.fr\/ppck\/wp-json\/wp\/v2\/posts\/7709\/revisions\/7711"}],"wp:featuredmedia":[{"embeddable":true,"href":"https:\/\/ppck.asso.fr\/ppck\/wp-json\/wp\/v2\/media\/7710"}],"wp:attachment":[{"href":"https:\/\/ppck.asso.fr\/ppck\/wp-json\/wp\/v2\/media?parent=7709"}],"wp:term":[{"taxonomy":"category","embeddable":true,"href":"https:\/\/ppck.asso.fr\/ppck\/wp-json\/wp\/v2\/categories?post=7709"},{"taxonomy":"post_tag","embeddable":true,"href":"https:\/\/ppck.asso.fr\/ppck\/wp-json\/wp\/v2\/tags?post=7709"}],"curies":[{"name":"wp","href":"https:\/\/api.w.org\/{rel}","templated":true}]}}