{"id":7697,"date":"2025-11-06T16:30:54","date_gmt":"2025-11-06T16:30:54","guid":{"rendered":"https:\/\/ppck.asso.fr\/ppck\/?p=7697"},"modified":"2025-11-06T16:30:54","modified_gmt":"2025-11-06T16:30:54","slug":"sortie-club-france-2026","status":"publish","type":"post","link":"https:\/\/ppck.asso.fr\/ppck\/2025\/11\/06\/sortie-club-france-2026\/","title":{"rendered":"SORTIE CLUB \/ FRANCE 2026"},"content":{"rendered":"\n<p>\ud83d\udc19 &#8211; La FFTT a annonc\u00e9 que les Championnats de France 2\ufe0f\u20e30\ufe0f\u20e32\ufe0f\u20e36\ufe0f\u20e3 se d\u00e9rouleront les 12, 13 et 14 juin 2026 \u00e0 l\u2019Espace Mayenne de Laval, une date \u00e0 marquer d\u00e8s maintenant dans vos calendriers \ud83d\udcc5.<\/p>\n\n\n\n<p>L&rsquo;occasion de voir les GAUZY, Pavade, Lebrun, Lutz \u00e0 seulement quelques heures de chez nous.<\/p>\n\n\n\n<p>C&rsquo;est pourquoi, le club \ud83d\udd35\u26ab\ufe0f\u26aa\ufe0f vous propose une sortie, r\u00e9serv\u00e9e aux licenci\u00e9s \ud83c\udfd3 et leurs familles \ud83d\udc19. Pour mener au mieux cette action, nous souhaitons connaitre les int\u00e9ress\u00e9s \ud83e\udd73 par ce week-end pongiste festif \ud83e\udd29, dont voici le programme.<\/p>\n\n\n\n<ul class=\"wp-block-list\">\n<li>D\u00e9part de Brest le vendredi 12 juin en fin de journ\u00e9e (17h30\/18h00)<\/li>\n\n\n\n<li>Repas + nuit \u00e0 l&rsquo;h\u00f4tel\/location<\/li>\n\n\n\n<li>Journ\u00e9e du samedi aux France 2026<\/li>\n\n\n\n<li>Repas + nuit \u00e0 l&rsquo;h\u00f4tel\/location<\/li>\n\n\n\n<li>Journ\u00e9e du dimanche aux France 2026<\/li>\n\n\n\n<li>Retour direction Brest vers 22h30<\/li>\n<\/ul>\n\n\n\n<p>Quelques informations compl\u00e9mentaires :<br>\ud83d\udccc Si plusieurs membres de votre famille souhaitent participer \u00e0 cet \u00e9v\u00e8nement, merci de faire autant de r\u00e9ponse \u00e0 ce formulaire que de pr\u00e9sents.<br>\ud83d\udccc Une participation financi\u00e8re du club \ud83d\udd35\u26ab\ufe0f\u26aa\ufe0f sera \u00e9valu\u00e9e en fonction du nombre de participants<br>\ud83d\udccc A cette date se d\u00e9rouleront \u00e9galement les Championnats de Bretagne\u2026 avis \u00e0 celles et ceux qui seront potentiellement qualifi\u00e9(e)s.<\/p>\n\n\n\n<p>Pour vous inscrire, un seul lien  : <a href=\"https:\/\/docs.google.com\/forms\/d\/e\/1FAIpQLScN9iQhZZADRR6iwsp_mgwEWQnH7Tsi0lmIE5r_ZbcfYHNrWg\/viewform?pli=1\" target=\"_blank\" rel=\"noreferrer noopener\"><strong>PRE-INSCRIPTION<\/strong><\/a><\/p>\n\n\n\n<figure class=\"wp-block-image size-large\"><img loading=\"lazy\" decoding=\"async\" width=\"1024\" height=\"585\" src=\"https:\/\/ppck.asso.fr\/ppck\/wp-content\/uploads\/2025\/11\/2025_LAVAL-1024x585.jpg\" alt=\"\" class=\"wp-image-7698\" srcset=\"https:\/\/ppck.asso.fr\/ppck\/wp-content\/uploads\/2025\/11\/2025_LAVAL-1024x585.jpg 1024w, https:\/\/ppck.asso.fr\/ppck\/wp-content\/uploads\/2025\/11\/2025_LAVAL-300x171.jpg 300w, https:\/\/ppck.asso.fr\/ppck\/wp-content\/uploads\/2025\/11\/2025_LAVAL-768x439.jpg 768w, https:\/\/ppck.asso.fr\/ppck\/wp-content\/uploads\/2025\/11\/2025_LAVAL-1536x878.jpg 1536w, https:\/\/ppck.asso.fr\/ppck\/wp-content\/uploads\/2025\/11\/2025_LAVAL.jpg 1792w\" sizes=\"auto, (max-width: 1024px) 100vw, 1024px\" \/><\/figure>\n","protected":false},"excerpt":{"rendered":"<p>LE FRANCE<BR>C&rsquo;EST A LAVAL&#8230;<\/p>\n","protected":false},"author":1,"featured_media":7698,"comment_status":"closed","ping_status":"open","sticky":false,"template":"","format":"standard","meta":{"footnotes":""},"categories":[1],"tags":[],"class_list":["post-7697","post","type-post","status-publish","format-standard","has-post-thumbnail","hentry","category-general"],"publishpress_future_action":{"enabled":false,"date":"2026-05-05 04:13:11","action":"change-status","newStatus":"draft","terms":[],"taxonomy":"category","extraData":[]},"publishpress_future_workflow_manual_trigger":{"enabledWorkflows":[]},"_links":{"self":[{"href":"https:\/\/ppck.asso.fr\/ppck\/wp-json\/wp\/v2\/posts\/7697","targetHints":{"allow":["GET"]}}],"collection":[{"href":"https:\/\/ppck.asso.fr\/ppck\/wp-json\/wp\/v2\/posts"}],"about":[{"href":"https:\/\/ppck.asso.fr\/ppck\/wp-json\/wp\/v2\/types\/post"}],"author":[{"embeddable":true,"href":"https:\/\/ppck.asso.fr\/ppck\/wp-json\/wp\/v2\/users\/1"}],"replies":[{"embeddable":true,"href":"https:\/\/ppck.asso.fr\/ppck\/wp-json\/wp\/v2\/comments?post=7697"}],"version-history":[{"count":1,"href":"https:\/\/ppck.asso.fr\/ppck\/wp-json\/wp\/v2\/posts\/7697\/revisions"}],"predecessor-version":[{"id":7699,"href":"https:\/\/ppck.asso.fr\/ppck\/wp-json\/wp\/v2\/posts\/7697\/revisions\/7699"}],"wp:featuredmedia":[{"embeddable":true,"href":"https:\/\/ppck.asso.fr\/ppck\/wp-json\/wp\/v2\/media\/7698"}],"wp:attachment":[{"href":"https:\/\/ppck.asso.fr\/ppck\/wp-json\/wp\/v2\/media?parent=7697"}],"wp:term":[{"taxonomy":"category","embeddable":true,"href":"https:\/\/ppck.asso.fr\/ppck\/wp-json\/wp\/v2\/categories?post=7697"},{"taxonomy":"post_tag","embeddable":true,"href":"https:\/\/ppck.asso.fr\/ppck\/wp-json\/wp\/v2\/tags?post=7697"}],"curies":[{"name":"wp","href":"https:\/\/api.w.org\/{rel}","templated":true}]}}