{"id":7507,"date":"2025-09-29T10:13:30","date_gmt":"2025-09-29T10:13:30","guid":{"rendered":"https:\/\/ppck.asso.fr\/ppck\/?p=7507"},"modified":"2025-09-29T10:13:30","modified_gmt":"2025-09-29T10:13:30","slug":"la-perf-du-week-end-37","status":"publish","type":"post","link":"https:\/\/ppck.asso.fr\/ppck\/2025\/09\/29\/la-perf-du-week-end-37\/","title":{"rendered":"LA PERF&rsquo; DU WEEK-END"},"content":{"rendered":"\n<p>\u26a1\ufe0f &#8211;  D\u00e9j\u00e0 performeur \ud83d\udcaa la saison pass\u00e9e, il n&rsquo;a pas tard\u00e9 \u23f3 pour r\u00e9cidiver !!!<\/p>\n\n\n\n<p>F\u00e9licitations \u00e0 Sylvain Calloch qui d\u00e9croche la perf&rsquo; du week-end face \u00e0 un adversaire class\u00e9 9\ufe0f\u20e3. Il signe une superbe victoire\u2705 \u00e0 2\ufe0f\u20e31\ufe0f\u20e34\ufe0f\u20e3 points \ud83d\udd25\ud83d\udd25\ud83d\udd25 et ajoute son nom au Wall of Perf&rsquo; du club \ud83d\udd35\u26ab\u26aa.<\/p>\n\n\n\n<p>Toutes nos f\u00e9licitations \ud83e\udd73\ud83e\udd29 pour ce superbe r\u00e9sultat \ud83d\udcca et ce nouveau titre honorifique \ud83d\udc4d\ud83c\udffb.<br>Bravo \u00e0 lui \ud83d\udc4f.<\/p>\n\n\n\n<figure class=\"wp-block-image size-large\"><img loading=\"lazy\" decoding=\"async\" width=\"1024\" height=\"731\" src=\"https:\/\/ppck.asso.fr\/ppck\/wp-content\/uploads\/2025\/09\/2026_PerfSylCallock01-1024x731.jpg\" alt=\"\" class=\"wp-image-7508\" srcset=\"https:\/\/ppck.asso.fr\/ppck\/wp-content\/uploads\/2025\/09\/2026_PerfSylCallock01-1024x731.jpg 1024w, https:\/\/ppck.asso.fr\/ppck\/wp-content\/uploads\/2025\/09\/2026_PerfSylCallock01-300x214.jpg 300w, https:\/\/ppck.asso.fr\/ppck\/wp-content\/uploads\/2025\/09\/2026_PerfSylCallock01-768x548.jpg 768w, https:\/\/ppck.asso.fr\/ppck\/wp-content\/uploads\/2025\/09\/2026_PerfSylCallock01-1536x1097.jpg 1536w, https:\/\/ppck.asso.fr\/ppck\/wp-content\/uploads\/2025\/09\/2026_PerfSylCallock01.jpg 2000w\" sizes=\"auto, (max-width: 1024px) 100vw, 1024px\" \/><\/figure>\n","protected":false},"excerpt":{"rendered":"<p>PERF A +214PTS POUR SYLVAIN<\/p>\n","protected":false},"author":1,"featured_media":7508,"comment_status":"closed","ping_status":"open","sticky":false,"template":"","format":"standard","meta":{"footnotes":""},"categories":[1],"tags":[],"class_list":["post-7507","post","type-post","status-publish","format-standard","has-post-thumbnail","hentry","category-general"],"publishpress_future_action":{"enabled":false,"date":"2026-05-06 01:32:36","action":"change-status","newStatus":"draft","terms":[],"taxonomy":"category","extraData":[]},"publishpress_future_workflow_manual_trigger":{"enabledWorkflows":[]},"_links":{"self":[{"href":"https:\/\/ppck.asso.fr\/ppck\/wp-json\/wp\/v2\/posts\/7507","targetHints":{"allow":["GET"]}}],"collection":[{"href":"https:\/\/ppck.asso.fr\/ppck\/wp-json\/wp\/v2\/posts"}],"about":[{"href":"https:\/\/ppck.asso.fr\/ppck\/wp-json\/wp\/v2\/types\/post"}],"author":[{"embeddable":true,"href":"https:\/\/ppck.asso.fr\/ppck\/wp-json\/wp\/v2\/users\/1"}],"replies":[{"embeddable":true,"href":"https:\/\/ppck.asso.fr\/ppck\/wp-json\/wp\/v2\/comments?post=7507"}],"version-history":[{"count":1,"href":"https:\/\/ppck.asso.fr\/ppck\/wp-json\/wp\/v2\/posts\/7507\/revisions"}],"predecessor-version":[{"id":7509,"href":"https:\/\/ppck.asso.fr\/ppck\/wp-json\/wp\/v2\/posts\/7507\/revisions\/7509"}],"wp:featuredmedia":[{"embeddable":true,"href":"https:\/\/ppck.asso.fr\/ppck\/wp-json\/wp\/v2\/media\/7508"}],"wp:attachment":[{"href":"https:\/\/ppck.asso.fr\/ppck\/wp-json\/wp\/v2\/media?parent=7507"}],"wp:term":[{"taxonomy":"category","embeddable":true,"href":"https:\/\/ppck.asso.fr\/ppck\/wp-json\/wp\/v2\/categories?post=7507"},{"taxonomy":"post_tag","embeddable":true,"href":"https:\/\/ppck.asso.fr\/ppck\/wp-json\/wp\/v2\/tags?post=7507"}],"curies":[{"name":"wp","href":"https:\/\/api.w.org\/{rel}","templated":true}]}}