{"id":7399,"date":"2025-08-26T08:03:11","date_gmt":"2025-08-26T08:03:11","guid":{"rendered":"https:\/\/ppck.asso.fr\/ppck\/?p=7399"},"modified":"2025-08-26T08:04:46","modified_gmt":"2025-08-26T08:04:46","slug":"cest-la-rentree","status":"publish","type":"post","link":"https:\/\/ppck.asso.fr\/ppck\/2025\/08\/26\/cest-la-rentree\/","title":{"rendered":"C&rsquo;EST LA RENTR\u00c9E !!"},"content":{"rendered":"\n<p>\ud83d\ude0d\ud83d\udcbc &#8211; Les entrainements reprennent d\u00e8s lundi prochain, le 1\ufe0f\u20e3er septembre.<\/p>\n\n\n\n<p>Vous h\u00e9sitez \u00e0 venir prendre une licence, le PPCK c&rsquo;est la saison pass\u00e9e, le club n\u00b01\ufe0f\u20e3 dans le Finist\u00e8re, 6\ufe0f\u20e3\u00e8 en Bretagne et en progression depuis d\u00e9sormais 6\ufe0f\u20e3 saisons, en nombre de licenci\u00e9s \ud83d\udca5.<\/p>\n\n\n\n<p>Vous y trouverez \u00e0 coups s\u00fbrs, une s\u00e9ance en ad\u00e9quation avec vos envies \ud83d\udc47:<br>\u2192 Ping comp\u00e9tition \ud83c\udfd3 s\u00e9niors avec 1\ufe0f\u20e35\ufe0f\u20e3 \u00e9quipes, de la PN \u00e0 la D5\ufe0f\u20e3<br>\u2192 Ping comp\u00e9tition \ud83c\udfc6 jeunes parmi nos 6\ufe0f\u20e3 formations<br>\u2192 Ping sant\u00e9 \ud83e\ude7a\ud83d\udc8a<br>\u2192 Ping loisirs \ud83d\udc4f adultes et enfants<br>\u2192 S\u00e9ances handisport \ud83d\udc68\u200d\ud83e\uddbd<br>\u2192 S\u00e9ances pour les retrait\u00e9s\ud83d\udc74\ud83e\uddd3<br>\u2192 Baby ping 4\ufe0f\u20e3-7\ufe0f\u20e3 ans \ud83d\udc76<\/p>\n\n\n\n<p>N&rsquo;attendez plus et venez tester le ping \ud83e\udd29<\/p>\n\n\n\n<figure class=\"wp-block-image size-large\"><img loading=\"lazy\" decoding=\"async\" width=\"819\" height=\"1024\" src=\"https:\/\/ppck.asso.fr\/ppck\/wp-content\/uploads\/2025\/08\/2026_Reprise-819x1024.jpg\" alt=\"\" class=\"wp-image-7400\" srcset=\"https:\/\/ppck.asso.fr\/ppck\/wp-content\/uploads\/2025\/08\/2026_Reprise-819x1024.jpg 819w, https:\/\/ppck.asso.fr\/ppck\/wp-content\/uploads\/2025\/08\/2026_Reprise-240x300.jpg 240w, https:\/\/ppck.asso.fr\/ppck\/wp-content\/uploads\/2025\/08\/2026_Reprise-768x960.jpg 768w, https:\/\/ppck.asso.fr\/ppck\/wp-content\/uploads\/2025\/08\/2026_Reprise.jpg 1081w\" sizes=\"auto, (max-width: 819px) 100vw, 819px\" \/><\/figure>\n\n\n\n<p><\/p>\n","protected":false},"excerpt":{"rendered":"<p>YOUPI !!! LE 01 SEPTEMBRE<br \/> C&rsquo;EST LA RENTR\u00c9E<\/p>\n","protected":false},"author":1,"featured_media":7400,"comment_status":"closed","ping_status":"open","sticky":false,"template":"","format":"standard","meta":{"footnotes":""},"categories":[1],"tags":[],"class_list":["post-7399","post","type-post","status-publish","format-standard","has-post-thumbnail","hentry","category-general"],"publishpress_future_action":{"enabled":false,"date":"2026-05-10 15:20:43","action":"change-status","newStatus":"draft","terms":[],"taxonomy":"category","extraData":[]},"publishpress_future_workflow_manual_trigger":{"enabledWorkflows":[]},"_links":{"self":[{"href":"https:\/\/ppck.asso.fr\/ppck\/wp-json\/wp\/v2\/posts\/7399","targetHints":{"allow":["GET"]}}],"collection":[{"href":"https:\/\/ppck.asso.fr\/ppck\/wp-json\/wp\/v2\/posts"}],"about":[{"href":"https:\/\/ppck.asso.fr\/ppck\/wp-json\/wp\/v2\/types\/post"}],"author":[{"embeddable":true,"href":"https:\/\/ppck.asso.fr\/ppck\/wp-json\/wp\/v2\/users\/1"}],"replies":[{"embeddable":true,"href":"https:\/\/ppck.asso.fr\/ppck\/wp-json\/wp\/v2\/comments?post=7399"}],"version-history":[{"count":2,"href":"https:\/\/ppck.asso.fr\/ppck\/wp-json\/wp\/v2\/posts\/7399\/revisions"}],"predecessor-version":[{"id":7402,"href":"https:\/\/ppck.asso.fr\/ppck\/wp-json\/wp\/v2\/posts\/7399\/revisions\/7402"}],"wp:featuredmedia":[{"embeddable":true,"href":"https:\/\/ppck.asso.fr\/ppck\/wp-json\/wp\/v2\/media\/7400"}],"wp:attachment":[{"href":"https:\/\/ppck.asso.fr\/ppck\/wp-json\/wp\/v2\/media?parent=7399"}],"wp:term":[{"taxonomy":"category","embeddable":true,"href":"https:\/\/ppck.asso.fr\/ppck\/wp-json\/wp\/v2\/categories?post=7399"},{"taxonomy":"post_tag","embeddable":true,"href":"https:\/\/ppck.asso.fr\/ppck\/wp-json\/wp\/v2\/tags?post=7399"}],"curies":[{"name":"wp","href":"https:\/\/api.w.org\/{rel}","templated":true}]}}