{"id":7204,"date":"2025-07-16T07:12:38","date_gmt":"2025-07-16T07:12:38","guid":{"rendered":"https:\/\/ppck.asso.fr\/ppck\/?p=7204"},"modified":"2025-07-16T07:31:03","modified_gmt":"2025-07-16T07:31:03","slug":"calendriers-equipes-regionales-3","status":"publish","type":"post","link":"https:\/\/ppck.asso.fr\/ppck\/2025\/07\/16\/calendriers-equipes-regionales-3\/","title":{"rendered":"CALENDRIERS \u00c9QUIPES_R\u00c9GIONALES"},"content":{"rendered":"\n<p>\ud83c\udfd3 \ud83d\udcc5 &#8211; Elles sont sorties !!! Les poules \ud83e\udd29 de r\u00e9gionale sont connues et le PPCK y pr\u00e9sentera un total de 4\ufe0f\u20e3 \u00e9quipes, un record dans le Finist\u00e8re Nord !!!<br>Concr\u00e8tement, cela promet des parties acharn\u00e9es \ud83d\udcaa, des derbies bouillants \ud83d\ude01 \u00e0 domicile, et cela \u00e0 chaque journ\u00e9e de championnat.<br>En effet, les spectateurs \ud83d\udc4f auront le plaisir de voir PN+R1, puis le week-end suivant, R2+R2.<br>Alors \u00e0 vos calendriers \ud83d\udcec, on bloque les dates d\u00e8s \u00e0 pr\u00e9sent \ud83d\udd8a:<br>PPC Kerhuon 1\ufe0f\u20e3 &#8211; PRENATIONALE<br>\u2192 Dimanche 21\/09 : se d\u00e9place \u00e0 GV Hennebont 3<br>\u2192 Dimanche 28\/09 : re\u00e7oit RP Fouesnant 3<br>\u2192 Dimanche 12\/10 : re\u00e7oit Aurore Vitr\u00e9 1<br>\u2192 Dimanche 16\/11 : se d\u00e9place \u00e0 TT Foug\u00e8res 2<br>\u2192 Dimanche 30\/11 : re\u00e7oit AC Pl\u00e9rin 3<br>\u2192 Dimanche 14\/12 : se d\u00e9place \u00e0 US Vern 2<br>\u2192 Dimanche 11\/01 : re\u00e7oit Saint-Divy TT 1<br>PPC Kerhuon 2\ufe0f\u20e3 &#8211; R\u00c9GIONALE 1<br>\u2192 Dimanche 21\/09 : se d\u00e9place \u00e0 TT Landivisiau 1<br>\u2192 Dimanche 28\/09 : re\u00e7oit TT La Baie Yffiniac 1<br>\u2192 Dimanche 12\/10 : re\u00e7oit Aurore Vitr\u00e9 2<br>\u2192 Dimanche 16\/11 : se d\u00e9place \u00e0 TTC BREST Recouvrance 1<br>\u2192 Dimanche 30\/11 : re\u00e7oit Thorign\u00e9-Fouillard TT 5<br>\u2192 Dimanche 14\/12 : se d\u00e9place \u00e0 Douarnenez Tennis de Table 1<br>\u2192 Dimanche 11\/01 : re\u00e7oit TA Rennes 3<br>PPC Kerhuon 3\ufe0f\u20e3 &#8211; R\u00c9GIONALE 2<br>\u2192 Dimanche 21\/09 : re\u00e7oit TA Rennes 4<br>\u2192 Dimanche 28\/09 : se d\u00e9place \u00e0 Entente Dinan 1<br>\u2192 Dimanche 12\/10 : se d\u00e9place \u00e0 Foyer La\u00efque de Lanester 1<br>\u2192 Dimanche 16\/11 : re\u00e7oit AC Pl\u00e9rin 4<br>\u2192 Dimanche 30\/11 : se d\u00e9place \u00e0 Saint-Divy TT 2<br>\u2192 Dimanche 14\/12 : re\u00e7oit Cl\u00e9guer TT 1<br>\u2192 Dimanche 11\/01 : se d\u00e9place \u00e0 TT Louannec Plouaret 1<br>PPC Kerhuon 4\ufe0f\u20e3 &#8211; R\u00c9GIONALE 2<br>\u2192 Dimanche 21\/09 : re\u00e7oit 7 Iles TT 1<br>\u2192 Dimanche 28\/09 : se d\u00e9place \u00e0 S\u00e9n\u00e9 TT 1<br>\u2192 Dimanche 12\/10 : se d\u00e9place \u00e0 TT Foug\u00e8res 3<br>\u2192 Dimanche 16\/11 : re\u00e7oit GDR Guipavas 1<br>\u2192 Dimanche 30\/11 : se d\u00e9place \u00e0 TA Rennes 5<br>\u2192 Dimanche 14\/12 : re\u00e7oit Thorign\u00e9-Fouillard TT 7<br>\u2192 Dimanche 11\/01 : se d\u00e9place \u00e0 US Vern 2<br>D&rsquo;ici l\u00e0 profitez bien de vos vacances \u2600\ufe0f et revenez \u00e0 bloc d\u00e8s la rentr\u00e9e \ud83e\uddf0.<\/p>\n","protected":false},"excerpt":{"rendered":"<p>ON BLOQUE LES DATES !<\/p>\n","protected":false},"author":1,"featured_media":7205,"comment_status":"closed","ping_status":"open","sticky":false,"template":"","format":"standard","meta":{"footnotes":""},"categories":[1],"tags":[],"class_list":["post-7204","post","type-post","status-publish","format-standard","has-post-thumbnail","hentry","category-general"],"publishpress_future_action":{"enabled":false,"date":"2026-05-10 16:08:22","action":"change-status","newStatus":"draft","terms":[],"taxonomy":"category","extraData":[]},"publishpress_future_workflow_manual_trigger":{"enabledWorkflows":[]},"_links":{"self":[{"href":"https:\/\/ppck.asso.fr\/ppck\/wp-json\/wp\/v2\/posts\/7204","targetHints":{"allow":["GET"]}}],"collection":[{"href":"https:\/\/ppck.asso.fr\/ppck\/wp-json\/wp\/v2\/posts"}],"about":[{"href":"https:\/\/ppck.asso.fr\/ppck\/wp-json\/wp\/v2\/types\/post"}],"author":[{"embeddable":true,"href":"https:\/\/ppck.asso.fr\/ppck\/wp-json\/wp\/v2\/users\/1"}],"replies":[{"embeddable":true,"href":"https:\/\/ppck.asso.fr\/ppck\/wp-json\/wp\/v2\/comments?post=7204"}],"version-history":[{"count":4,"href":"https:\/\/ppck.asso.fr\/ppck\/wp-json\/wp\/v2\/posts\/7204\/revisions"}],"predecessor-version":[{"id":7221,"href":"https:\/\/ppck.asso.fr\/ppck\/wp-json\/wp\/v2\/posts\/7204\/revisions\/7221"}],"wp:featuredmedia":[{"embeddable":true,"href":"https:\/\/ppck.asso.fr\/ppck\/wp-json\/wp\/v2\/media\/7205"}],"wp:attachment":[{"href":"https:\/\/ppck.asso.fr\/ppck\/wp-json\/wp\/v2\/media?parent=7204"}],"wp:term":[{"taxonomy":"category","embeddable":true,"href":"https:\/\/ppck.asso.fr\/ppck\/wp-json\/wp\/v2\/categories?post=7204"},{"taxonomy":"post_tag","embeddable":true,"href":"https:\/\/ppck.asso.fr\/ppck\/wp-json\/wp\/v2\/tags?post=7204"}],"curies":[{"name":"wp","href":"https:\/\/api.w.org\/{rel}","templated":true}]}}