{"id":7178,"date":"2025-07-10T07:09:20","date_gmt":"2025-07-10T07:09:20","guid":{"rendered":"https:\/\/ppck.asso.fr\/ppck\/?p=7178"},"modified":"2025-07-10T07:09:20","modified_gmt":"2025-07-10T07:09:20","slug":"partenariat-ppck-2","status":"publish","type":"post","link":"https:\/\/ppck.asso.fr\/ppck\/2025\/07\/10\/partenariat-ppck-2\/","title":{"rendered":"PARTENARIAT PPCK"},"content":{"rendered":"\n<p>\ud83d\ude0e\ud83d\udc53 &#8211; Comme pr\u00e9sent\u00e9 la semaine derni\u00e8re, nous allons durant tout l&rsquo;\u00e9t\u00e9 \u2600\ufe0f, vous faire d\u00e9couvrir les partenaires du club \ud83d\udd35\u26ab\ufe0f\u26aa\ufe0f. Ces entreprises, grandes ou petites, qui nous soutiennent \u2712\ufe0f selon leurs envies, leurs moyens, pour permettre \u00e0 nos adh\u00e9rents \ud83c\udfd3 d&rsquo;\u00e9voluer dans les meilleures conditions.<br>Aujourd&rsquo;hui, focus \ud83d\udc40 sur l&rsquo;un de nos partenaires historiques :<br>GrandOptical Le Relecq-Kerhuon<br>GrandOptical, votre opticien de confiance \ud83d\ude0e, est pr\u00e9sent au Relecq-Kerhuon, 15 boulevard Charles de Gaulle. Situ\u00e9 \u00e0 une adresse facile d&rsquo;acc\u00e8s, votre opticien \ud83e\udd13 vous accueille avec des horaires d&rsquo;ouverture amples, pour une visite \u00e0 votre convenance et propose de nombreux services :<\/p>\n\n\n\n<ul class=\"wp-block-list\">\n<li>\u00c9quipements optiques et solaires \u2600\ufe0f<\/li>\n\n\n\n<li>Paiement en plusieurs fois sans frais \ud83d\udcb3<\/li>\n\n\n\n<li>Sport \u00e0 la vue \ud83c\udfc3\u200d\u2642\ufe0f<\/li>\n\n\n\n<li>Examen de la vue et v\u00e9rification visuelle \ud83d\udc68\u200d\ud83d\udd2c<\/li>\n\n\n\n<li>Produits et lentilles de contact \ud83d\udc40<\/li>\n\n\n\n<li>Tiers payant \u2705<br>Pour plus d&rsquo;informations, le site web ci-dessous \u2b07\ufe0f : <a href=\"https:\/\/www.grandoptical.com\/opticien\/le-relecq-kerhuon\/803?fbclid=IwY2xjawLcRUBleHRuA2FlbQIxMABicmlkETBxMm9IZ01weXRGZFFGN0VqAR7IfDprg5Bksdm97JMYQ7EsNZNnV5s6OZS5ZBuUK8mwO0r7NM0Ma6pjTZo5CA_aem_mm4Ae0f2t0vNo-Oej2VNyw\" data-type=\"link\" data-id=\"https:\/\/www.grandoptical.com\/opticien\/le-relecq-kerhuon\/803?fbclid=IwY2xjawLcRUBleHRuA2FlbQIxMABicmlkETBxMm9IZ01weXRGZFFGN0VqAR7IfDprg5Bksdm97JMYQ7EsNZNnV5s6OZS5ZBuUK8mwO0r7NM0Ma6pjTZo5CA_aem_mm4Ae0f2t0vNo-Oej2VNyw\" target=\"_blank\" rel=\"noreferrer noopener\"><strong>GRANDOPTICAL<\/strong><\/a><br>Si comme les opticiens GrandOptical Le Relecq-Kerhuon, vous souhaitez soutenir \ud83d\udd1d notre association, contactez Clement Rospars, responsable partenariat \ud83e\udd1d au sein du Ping Pong Club Kerhuonnais &#8211; PPCK \ud83d\udd35\u26ab\ufe0f\u26aa\ufe0f : clementrospars@gmail.com<\/li>\n<\/ul>\n\n\n\n<figure class=\"wp-block-image size-full\"><img loading=\"lazy\" decoding=\"async\" width=\"940\" height=\"788\" src=\"https:\/\/ppck.asso.fr\/ppck\/wp-content\/uploads\/2025\/07\/2025_Partenaire_GO.jpg\" alt=\"\" class=\"wp-image-7179\" srcset=\"https:\/\/ppck.asso.fr\/ppck\/wp-content\/uploads\/2025\/07\/2025_Partenaire_GO.jpg 940w, https:\/\/ppck.asso.fr\/ppck\/wp-content\/uploads\/2025\/07\/2025_Partenaire_GO-300x251.jpg 300w, https:\/\/ppck.asso.fr\/ppck\/wp-content\/uploads\/2025\/07\/2025_Partenaire_GO-768x644.jpg 768w\" sizes=\"auto, (max-width: 940px) 100vw, 940px\" \/><\/figure>\n","protected":false},"excerpt":{"rendered":"<p>UNE NOUVELLE PAIRE DE LUNETTES ?<br \/>POURQUOI PAS CHEZ GRANDOPITCAL<\/p>\n","protected":false},"author":1,"featured_media":7179,"comment_status":"closed","ping_status":"open","sticky":false,"template":"","format":"standard","meta":{"footnotes":""},"categories":[1],"tags":[],"class_list":["post-7178","post","type-post","status-publish","format-standard","has-post-thumbnail","hentry","category-general"],"publishpress_future_action":{"enabled":false,"date":"2026-05-10 16:09:17","action":"change-status","newStatus":"draft","terms":[],"taxonomy":"category","extraData":[]},"publishpress_future_workflow_manual_trigger":{"enabledWorkflows":[]},"_links":{"self":[{"href":"https:\/\/ppck.asso.fr\/ppck\/wp-json\/wp\/v2\/posts\/7178","targetHints":{"allow":["GET"]}}],"collection":[{"href":"https:\/\/ppck.asso.fr\/ppck\/wp-json\/wp\/v2\/posts"}],"about":[{"href":"https:\/\/ppck.asso.fr\/ppck\/wp-json\/wp\/v2\/types\/post"}],"author":[{"embeddable":true,"href":"https:\/\/ppck.asso.fr\/ppck\/wp-json\/wp\/v2\/users\/1"}],"replies":[{"embeddable":true,"href":"https:\/\/ppck.asso.fr\/ppck\/wp-json\/wp\/v2\/comments?post=7178"}],"version-history":[{"count":1,"href":"https:\/\/ppck.asso.fr\/ppck\/wp-json\/wp\/v2\/posts\/7178\/revisions"}],"predecessor-version":[{"id":7180,"href":"https:\/\/ppck.asso.fr\/ppck\/wp-json\/wp\/v2\/posts\/7178\/revisions\/7180"}],"wp:featuredmedia":[{"embeddable":true,"href":"https:\/\/ppck.asso.fr\/ppck\/wp-json\/wp\/v2\/media\/7179"}],"wp:attachment":[{"href":"https:\/\/ppck.asso.fr\/ppck\/wp-json\/wp\/v2\/media?parent=7178"}],"wp:term":[{"taxonomy":"category","embeddable":true,"href":"https:\/\/ppck.asso.fr\/ppck\/wp-json\/wp\/v2\/categories?post=7178"},{"taxonomy":"post_tag","embeddable":true,"href":"https:\/\/ppck.asso.fr\/ppck\/wp-json\/wp\/v2\/tags?post=7178"}],"curies":[{"name":"wp","href":"https:\/\/api.w.org\/{rel}","templated":true}]}}