{"id":7122,"date":"2025-07-03T12:42:59","date_gmt":"2025-07-03T12:42:59","guid":{"rendered":"https:\/\/ppck.asso.fr\/ppck\/?p=7122"},"modified":"2025-07-03T12:42:59","modified_gmt":"2025-07-03T12:42:59","slug":"partenariat-ppck","status":"publish","type":"post","link":"https:\/\/ppck.asso.fr\/ppck\/2025\/07\/03\/partenariat-ppck\/","title":{"rendered":"PARTENARIAT PPCK"},"content":{"rendered":"\n<p>\ud83d\ude97 &#8211; PARTENARIAT PPCK<\/p>\n\n\n\n<p>Durant tout l&rsquo;\u00e9t\u00e9 \u2600\ufe0f, nous allons vous faire d\u00e9couvrir les partenaires du club \ud83d\udd35\u26ab\ufe0f\u26aa\ufe0f. Ces entreprises, grandes ou petites, qui nous soutiennent \u2712\ufe0f selon leurs envies, leurs moyens, pour permettre \u00e0 nos adh\u00e9rents \ud83c\udfd3 d&rsquo;\u00e9voluer dans les meilleures conditions.<\/p>\n\n\n\n<p>Aujourd&rsquo;hui, focus \ud83d\udc40 sur l&rsquo;un de nos partenaires majeurs : <strong>TOYOTA BREST &#8211; COBREDIA<\/strong><\/p>\n\n\n\n<p>Partenaire \u00ab\u00a0OR\u00a0\u00bb \ud83e\udd47, la concession Toyota de Brest est un fid\u00e8le soutien \ud83d\udcaa depuis plusieurs saisons. Situ\u00e9e 5 rue Gustave Z\u00e9d\u00e9 \u00e0 Brest, n&rsquo;h\u00e9sitez pas \u00e0 vous y rendre pour l&rsquo;achat d&rsquo;un nouveau v\u00e9hicule \ud83d\ude97, qu&rsquo;il soit neuf ou d&rsquo;occasion \ud83d\ude99 ! De bon conseil \ud83e\udd13, les sp\u00e9cialistes de la marque sauront vous aiguiller pour d\u00e9nicher le v\u00e9hicule qui vous correspond le mieux.<\/p>\n\n\n\n<p>Pour plus d&rsquo;informations, le site web de la concession \u2b07\ufe0f : <a href=\"https:\/\/www.brest-auto.fr\/\">https:\/\/www.brest-auto.fr\/<\/a><\/p>\n\n\n\n<p>Si comme la concession Toyota de Brest, vous souhaitez soutenir \ud83d\udd1d notre association, contactez Clement Rospars (<a href=\"mailto:clementrospars@gmail.com\">clementrospars@gmail.com<\/a>), responsable partenariat \ud83e\udd1d au sein du PPC Kerhuonnais  \ud83d\udd35\u26ab\ufe0f\u26aa\ufe0f <\/p>\n\n\n\n<figure class=\"wp-block-image size-full\"><img loading=\"lazy\" decoding=\"async\" width=\"940\" height=\"788\" src=\"https:\/\/ppck.asso.fr\/ppck\/wp-content\/uploads\/2025\/07\/2025_TOYOTA.jpg\" alt=\"\" class=\"wp-image-7123\" srcset=\"https:\/\/ppck.asso.fr\/ppck\/wp-content\/uploads\/2025\/07\/2025_TOYOTA.jpg 940w, https:\/\/ppck.asso.fr\/ppck\/wp-content\/uploads\/2025\/07\/2025_TOYOTA-300x251.jpg 300w, https:\/\/ppck.asso.fr\/ppck\/wp-content\/uploads\/2025\/07\/2025_TOYOTA-768x644.jpg 768w\" sizes=\"auto, (max-width: 940px) 100vw, 940px\" \/><\/figure>\n","protected":false},"excerpt":{"rendered":"<p>UN NOUVEAU V\u00c9HICULE ?<br \/>POURQUOI PAS CHEZ TOYOTA BREST<\/p>\n","protected":false},"author":1,"featured_media":7123,"comment_status":"closed","ping_status":"open","sticky":false,"template":"","format":"standard","meta":{"footnotes":""},"categories":[1],"tags":[],"class_list":["post-7122","post","type-post","status-publish","format-standard","has-post-thumbnail","hentry","category-general"],"publishpress_future_action":{"enabled":false,"date":"2026-05-04 23:34:28","action":"change-status","newStatus":"draft","terms":[],"taxonomy":"category","extraData":[]},"publishpress_future_workflow_manual_trigger":{"enabledWorkflows":[]},"_links":{"self":[{"href":"https:\/\/ppck.asso.fr\/ppck\/wp-json\/wp\/v2\/posts\/7122","targetHints":{"allow":["GET"]}}],"collection":[{"href":"https:\/\/ppck.asso.fr\/ppck\/wp-json\/wp\/v2\/posts"}],"about":[{"href":"https:\/\/ppck.asso.fr\/ppck\/wp-json\/wp\/v2\/types\/post"}],"author":[{"embeddable":true,"href":"https:\/\/ppck.asso.fr\/ppck\/wp-json\/wp\/v2\/users\/1"}],"replies":[{"embeddable":true,"href":"https:\/\/ppck.asso.fr\/ppck\/wp-json\/wp\/v2\/comments?post=7122"}],"version-history":[{"count":1,"href":"https:\/\/ppck.asso.fr\/ppck\/wp-json\/wp\/v2\/posts\/7122\/revisions"}],"predecessor-version":[{"id":7124,"href":"https:\/\/ppck.asso.fr\/ppck\/wp-json\/wp\/v2\/posts\/7122\/revisions\/7124"}],"wp:featuredmedia":[{"embeddable":true,"href":"https:\/\/ppck.asso.fr\/ppck\/wp-json\/wp\/v2\/media\/7123"}],"wp:attachment":[{"href":"https:\/\/ppck.asso.fr\/ppck\/wp-json\/wp\/v2\/media?parent=7122"}],"wp:term":[{"taxonomy":"category","embeddable":true,"href":"https:\/\/ppck.asso.fr\/ppck\/wp-json\/wp\/v2\/categories?post=7122"},{"taxonomy":"post_tag","embeddable":true,"href":"https:\/\/ppck.asso.fr\/ppck\/wp-json\/wp\/v2\/tags?post=7122"}],"curies":[{"name":"wp","href":"https:\/\/api.w.org\/{rel}","templated":true}]}}