{"id":7104,"date":"2025-06-27T08:21:34","date_gmt":"2025-06-27T08:21:34","guid":{"rendered":"https:\/\/ppck.asso.fr\/ppck\/?p=7104"},"modified":"2025-06-27T08:21:34","modified_gmt":"2025-06-27T08:21:34","slug":"mutations-saison-2025-2026-2","status":"publish","type":"post","link":"https:\/\/ppck.asso.fr\/ppck\/2025\/06\/27\/mutations-saison-2025-2026-2\/","title":{"rendered":"MUTATIONS &#8211; SAISON 2025\/2026"},"content":{"rendered":"\n<p>\ud83d\udce2 &#8211; Il ne vous reste plus que 3\ufe0f\u20e3 jours \u26a0\ufe0f<br>Apr\u00e8s une saison historique avec une mont\u00e9e \u2b06\ufe0f puis un maintien en pr\u00e9nationale, l&rsquo;arriv\u00e9e d&rsquo;un entraineur \ud83e\udef6, le PPCK souhaite poursuivre sa progression et accueillir de nouveaux adh\u00e9rents en vue de la saison prochaine.<br>Pr\u00e9sent dans toutes les divisions de la Pr\u00e9nationale \u00e0 la D\u00e9partementale 5, avec pas moins de 1\ufe0f\u20e35\ufe0f\u20e3 \u00e9quipes s\u00e9niors + 6\ufe0f\u20e3 \u00e9quipes jeunes, vous \u00eates certains d&rsquo;y trouver une place correspondant \u00e0 votre niveau \u2705.<br>Avec 2\ufe0f\u20e33\ufe0f\u20e37\ufe0f\u20e3 licenci\u00e9s \ud83c\udfd3 (record dans le d\u00e9partement cette saison) une salle sp\u00e9cifique de 1\ufe0f\u20e32\ufe0f\u20e3 tables, nos s\u00e9ances sont encadr\u00e9es par des entra\u00eeneurs dipl\u00f4m\u00e9s \ud83d\udcaa b\u00e9n\u00e9voles et un salari\u00e9.<br>Les cr\u00e9neaux sont ouverts aux d\u00e9butants d\u00e8s 5 ans \ud83d\udd90, mais aussi aux plus aguerris ou aux joueurs de niveau confirm\u00e9.<br>Le Ping Pong Club Kerhuonnais &#8211; PPCK met \u00e9galement en place des horaires r\u00e9serv\u00e9s aux pongistes en situation de handicap \ud83d\udc68\u200d\ud83e\uddbd gr\u00e2ce au soutien de plusieurs b\u00e9n\u00e9voles.<br>En bref, le PPCK est un club ouvert \u00e0 TOUTES et TOUS, dans lequel vous y trouverez des valeurs de partage, de convivialit\u00e9 et une structure qui vous permettra de progresser \ud83d\udcc8 et de vous \u00e9panouir dans votre sport.<br>Si vous \u00eates int\u00e9ress\u00e9s \ud83e\udef5 ou souhaitez obtenir plus d&rsquo;informations \ud83d\udcd1, n&rsquo;h\u00e9sitez pas \u00e0 prendre contact aupr\u00e8s de :<\/p>\n\n\n\n<ul class=\"wp-block-list\">\n<li>Arnaud LAURENT (secr\u00e9taire) : secretaire@ppck.asso.fr<\/li>\n\n\n\n<li>Jean-Philippe Perrot (vice-pr\u00e9sident) : jipe-lau@hotmail.fr<br>Voir les informations sur le site f\u00e9d\u00e9ral \u2013>\u00a0<a href=\"https:\/\/www.fftt.com\/site\/actualites\/2025-05-06\/ouverture-mutations-2025-2026?fbclid=IwY2xjawKRSLVleHRuA2FlbQIxMABicmlkETBhc1ZuR3cxN1FOc1d1dVhCAR4AneunNOWShOu1U0DQAOHDOQWo87g18tYKm4GWLmZF1S5vtX5VWsXrdo9AgA_aem_JgGRSk2Sw1Vvv2un9H2iDA\" target=\"_blank\" rel=\"noreferrer noopener\">SITE F\u00c9D\u00c9RAL<\/a><\/li>\n<\/ul>\n\n\n\n<figure class=\"wp-block-image size-full\"><img loading=\"lazy\" decoding=\"async\" width=\"940\" height=\"788\" src=\"https:\/\/ppck.asso.fr\/ppck\/wp-content\/uploads\/2025\/05\/2025_Mut2526.jpg\" alt=\"\" class=\"wp-image-6781\" srcset=\"https:\/\/ppck.asso.fr\/ppck\/wp-content\/uploads\/2025\/05\/2025_Mut2526.jpg 940w, https:\/\/ppck.asso.fr\/ppck\/wp-content\/uploads\/2025\/05\/2025_Mut2526-300x251.jpg 300w, https:\/\/ppck.asso.fr\/ppck\/wp-content\/uploads\/2025\/05\/2025_Mut2526-768x644.jpg 768w\" sizes=\"auto, (max-width: 940px) 100vw, 940px\" \/><\/figure>\n","protected":false},"excerpt":{"rendered":"<p>IL EST ENCORE TEMPS !<\/p>\n","protected":false},"author":1,"featured_media":6781,"comment_status":"closed","ping_status":"open","sticky":false,"template":"","format":"standard","meta":{"footnotes":""},"categories":[1],"tags":[],"class_list":["post-7104","post","type-post","status-publish","format-standard","has-post-thumbnail","hentry","category-general"],"publishpress_future_action":{"enabled":false,"date":"2026-05-10 16:08:39","action":"change-status","newStatus":"draft","terms":[],"taxonomy":"category","extraData":[]},"publishpress_future_workflow_manual_trigger":{"enabledWorkflows":[]},"_links":{"self":[{"href":"https:\/\/ppck.asso.fr\/ppck\/wp-json\/wp\/v2\/posts\/7104","targetHints":{"allow":["GET"]}}],"collection":[{"href":"https:\/\/ppck.asso.fr\/ppck\/wp-json\/wp\/v2\/posts"}],"about":[{"href":"https:\/\/ppck.asso.fr\/ppck\/wp-json\/wp\/v2\/types\/post"}],"author":[{"embeddable":true,"href":"https:\/\/ppck.asso.fr\/ppck\/wp-json\/wp\/v2\/users\/1"}],"replies":[{"embeddable":true,"href":"https:\/\/ppck.asso.fr\/ppck\/wp-json\/wp\/v2\/comments?post=7104"}],"version-history":[{"count":2,"href":"https:\/\/ppck.asso.fr\/ppck\/wp-json\/wp\/v2\/posts\/7104\/revisions"}],"predecessor-version":[{"id":7106,"href":"https:\/\/ppck.asso.fr\/ppck\/wp-json\/wp\/v2\/posts\/7104\/revisions\/7106"}],"wp:featuredmedia":[{"embeddable":true,"href":"https:\/\/ppck.asso.fr\/ppck\/wp-json\/wp\/v2\/media\/6781"}],"wp:attachment":[{"href":"https:\/\/ppck.asso.fr\/ppck\/wp-json\/wp\/v2\/media?parent=7104"}],"wp:term":[{"taxonomy":"category","embeddable":true,"href":"https:\/\/ppck.asso.fr\/ppck\/wp-json\/wp\/v2\/categories?post=7104"},{"taxonomy":"post_tag","embeddable":true,"href":"https:\/\/ppck.asso.fr\/ppck\/wp-json\/wp\/v2\/tags?post=7104"}],"curies":[{"name":"wp","href":"https:\/\/api.w.org\/{rel}","templated":true}]}}