{"id":7021,"date":"2025-06-11T06:49:41","date_gmt":"2025-06-11T06:49:41","guid":{"rendered":"https:\/\/ppck.asso.fr\/ppck\/?p=7021"},"modified":"2025-06-11T06:49:41","modified_gmt":"2025-06-11T06:49:41","slug":"la-perf-du-week-end-34","status":"publish","type":"post","link":"https:\/\/ppck.asso.fr\/ppck\/2025\/06\/11\/la-perf-du-week-end-34\/","title":{"rendered":"LA PERF&rsquo; DU WEEK-END"},"content":{"rendered":"\n<p>\u26a1\ufe0f  En 3\ufe0f\u20e3 jours de tournoi \u00e0 St Divy, le PPCK \ud83d\udd35\u26ab\u26aa allait bien nous sortir une perf&rsquo; de folie \ud83d\ude31. Elle est \u00e0 mettre \u00e0 l&rsquo;actif de notre coach Matthieu Guilcher.<\/p>\n\n\n\n<p>Oppos\u00e9 \u00e0 un joueur class\u00e9 1\ufe0f\u20e39\ufe0f\u20e3, il d\u00e9croche une victoire de prestige \ud83d\udcaa\ud83c\udffb \u00e0 plus de 5\ufe0f\u20e30\ufe0f\u20e30\ufe0f\u20e3 points \ud83d\udd25\ud83d\udd25\ud83d\udd25 et m\u00e9rite largement son retour dans le Wall of Perf&rsquo; du club \ud83d\udd35\u26ab\u26aa.<\/p>\n\n\n\n<p>Toutes nos f\u00e9licitations \ud83e\udd73\ud83e\udd29 \u00e0 lui pour ce superbe r\u00e9sultat \ud83d\udcca et ce nouveau titre honorifique \ud83d\udc4d\ud83c\udffb.<\/p>\n\n\n\n<p>Bravo \u00e0 lui \ud83d\udc4f.<\/p>\n\n\n\n<figure class=\"wp-block-image size-large\"><img loading=\"lazy\" decoding=\"async\" width=\"1024\" height=\"731\" src=\"https:\/\/ppck.asso.fr\/ppck\/wp-content\/uploads\/2025\/06\/2025_Perf_Matthieu2-1024x731.jpg\" alt=\"\" class=\"wp-image-7022\" srcset=\"https:\/\/ppck.asso.fr\/ppck\/wp-content\/uploads\/2025\/06\/2025_Perf_Matthieu2-1024x731.jpg 1024w, https:\/\/ppck.asso.fr\/ppck\/wp-content\/uploads\/2025\/06\/2025_Perf_Matthieu2-300x214.jpg 300w, https:\/\/ppck.asso.fr\/ppck\/wp-content\/uploads\/2025\/06\/2025_Perf_Matthieu2-768x548.jpg 768w, https:\/\/ppck.asso.fr\/ppck\/wp-content\/uploads\/2025\/06\/2025_Perf_Matthieu2-1536x1097.jpg 1536w, https:\/\/ppck.asso.fr\/ppck\/wp-content\/uploads\/2025\/06\/2025_Perf_Matthieu2.jpg 2000w\" sizes=\"auto, (max-width: 1024px) 100vw, 1024px\" \/><\/figure>\n","protected":false},"excerpt":{"rendered":"<p>MATTHIEU EN GRANDE FORME<\/p>\n","protected":false},"author":1,"featured_media":7022,"comment_status":"closed","ping_status":"open","sticky":false,"template":"","format":"standard","meta":{"footnotes":""},"categories":[1],"tags":[],"class_list":["post-7021","post","type-post","status-publish","format-standard","has-post-thumbnail","hentry","category-general"],"publishpress_future_action":{"enabled":false,"date":"2026-05-10 17:18:49","action":"change-status","newStatus":"draft","terms":[],"taxonomy":"category","extraData":[]},"publishpress_future_workflow_manual_trigger":{"enabledWorkflows":[]},"_links":{"self":[{"href":"https:\/\/ppck.asso.fr\/ppck\/wp-json\/wp\/v2\/posts\/7021","targetHints":{"allow":["GET"]}}],"collection":[{"href":"https:\/\/ppck.asso.fr\/ppck\/wp-json\/wp\/v2\/posts"}],"about":[{"href":"https:\/\/ppck.asso.fr\/ppck\/wp-json\/wp\/v2\/types\/post"}],"author":[{"embeddable":true,"href":"https:\/\/ppck.asso.fr\/ppck\/wp-json\/wp\/v2\/users\/1"}],"replies":[{"embeddable":true,"href":"https:\/\/ppck.asso.fr\/ppck\/wp-json\/wp\/v2\/comments?post=7021"}],"version-history":[{"count":1,"href":"https:\/\/ppck.asso.fr\/ppck\/wp-json\/wp\/v2\/posts\/7021\/revisions"}],"predecessor-version":[{"id":7023,"href":"https:\/\/ppck.asso.fr\/ppck\/wp-json\/wp\/v2\/posts\/7021\/revisions\/7023"}],"wp:featuredmedia":[{"embeddable":true,"href":"https:\/\/ppck.asso.fr\/ppck\/wp-json\/wp\/v2\/media\/7022"}],"wp:attachment":[{"href":"https:\/\/ppck.asso.fr\/ppck\/wp-json\/wp\/v2\/media?parent=7021"}],"wp:term":[{"taxonomy":"category","embeddable":true,"href":"https:\/\/ppck.asso.fr\/ppck\/wp-json\/wp\/v2\/categories?post=7021"},{"taxonomy":"post_tag","embeddable":true,"href":"https:\/\/ppck.asso.fr\/ppck\/wp-json\/wp\/v2\/tags?post=7021"}],"curies":[{"name":"wp","href":"https:\/\/api.w.org\/{rel}","templated":true}]}}