{"id":6854,"date":"2025-05-26T09:06:23","date_gmt":"2025-05-26T09:06:23","guid":{"rendered":"https:\/\/ppck.asso.fr\/ppck\/?p=6854"},"modified":"2025-05-26T09:06:23","modified_gmt":"2025-05-26T09:06:23","slug":"mutations-4","status":"publish","type":"post","link":"https:\/\/ppck.asso.fr\/ppck\/2025\/05\/26\/mutations-4\/","title":{"rendered":"MUTATIONS"},"content":{"rendered":"\n<p>\ud83d\udce2 &#8211; Le PPC Kerhuonnais est heureux d&rsquo;annoncer l&rsquo;arriv\u00e9e au club de Malo Chauveau-claquin (1126 points).<br>Apr\u00e8s un passage par le Ploemeur 56 Tennis de Table, il est de retour afin d&rsquo;\u00e9toffer l&rsquo;effectif de r\u00e9gionale \ud83c\udfd3\ud83d\udcaa.<br>Bienvenue \u00e0 la maison \ud83d\udd35\u26ab\ufe0f\u26aa\ufe0f !!!<\/p>\n\n\n\n<figure class=\"wp-block-image size-full is-resized\"><img loading=\"lazy\" decoding=\"async\" width=\"642\" height=\"960\" src=\"https:\/\/ppck.asso.fr\/ppck\/wp-content\/uploads\/2025\/05\/2025_Mut_MALO.jpg\" alt=\"\" class=\"wp-image-6855\" style=\"width:840px;height:auto\" srcset=\"https:\/\/ppck.asso.fr\/ppck\/wp-content\/uploads\/2025\/05\/2025_Mut_MALO.jpg 642w, https:\/\/ppck.asso.fr\/ppck\/wp-content\/uploads\/2025\/05\/2025_Mut_MALO-201x300.jpg 201w\" sizes=\"auto, (max-width: 642px) 100vw, 642px\" \/><\/figure>\n","protected":false},"excerpt":{"rendered":"<p>MALO, LE RETOUR&#8230;<\/p>\n","protected":false},"author":1,"featured_media":6855,"comment_status":"closed","ping_status":"open","sticky":false,"template":"","format":"standard","meta":{"footnotes":""},"categories":[1],"tags":[],"class_list":["post-6854","post","type-post","status-publish","format-standard","has-post-thumbnail","hentry","category-general"],"publishpress_future_action":{"enabled":false,"date":"2026-05-10 17:18:50","action":"change-status","newStatus":"draft","terms":[],"taxonomy":"category","extraData":[]},"publishpress_future_workflow_manual_trigger":{"enabledWorkflows":[]},"_links":{"self":[{"href":"https:\/\/ppck.asso.fr\/ppck\/wp-json\/wp\/v2\/posts\/6854","targetHints":{"allow":["GET"]}}],"collection":[{"href":"https:\/\/ppck.asso.fr\/ppck\/wp-json\/wp\/v2\/posts"}],"about":[{"href":"https:\/\/ppck.asso.fr\/ppck\/wp-json\/wp\/v2\/types\/post"}],"author":[{"embeddable":true,"href":"https:\/\/ppck.asso.fr\/ppck\/wp-json\/wp\/v2\/users\/1"}],"replies":[{"embeddable":true,"href":"https:\/\/ppck.asso.fr\/ppck\/wp-json\/wp\/v2\/comments?post=6854"}],"version-history":[{"count":1,"href":"https:\/\/ppck.asso.fr\/ppck\/wp-json\/wp\/v2\/posts\/6854\/revisions"}],"predecessor-version":[{"id":6856,"href":"https:\/\/ppck.asso.fr\/ppck\/wp-json\/wp\/v2\/posts\/6854\/revisions\/6856"}],"wp:featuredmedia":[{"embeddable":true,"href":"https:\/\/ppck.asso.fr\/ppck\/wp-json\/wp\/v2\/media\/6855"}],"wp:attachment":[{"href":"https:\/\/ppck.asso.fr\/ppck\/wp-json\/wp\/v2\/media?parent=6854"}],"wp:term":[{"taxonomy":"category","embeddable":true,"href":"https:\/\/ppck.asso.fr\/ppck\/wp-json\/wp\/v2\/categories?post=6854"},{"taxonomy":"post_tag","embeddable":true,"href":"https:\/\/ppck.asso.fr\/ppck\/wp-json\/wp\/v2\/tags?post=6854"}],"curies":[{"name":"wp","href":"https:\/\/api.w.org\/{rel}","templated":true}]}}