{"id":5452,"date":"2024-05-20T08:53:29","date_gmt":"2024-05-20T08:53:29","guid":{"rendered":"https:\/\/ppck.asso.fr\/ppck\/?p=5452"},"modified":"2024-05-20T08:53:29","modified_gmt":"2024-05-20T08:53:29","slug":"finale-du-circuit-jeunes","status":"publish","type":"post","link":"https:\/\/ppck.asso.fr\/ppck\/2024\/05\/20\/finale-du-circuit-jeunes\/","title":{"rendered":"FINALE DU CIRCUIT JEUNES"},"content":{"rendered":"\n<p>Amandine VANNIER et Achille HERRY \u00e9taient convoqu\u00e9s pour la finale du circuit jeunes samedi 18 mai \u00e0 Plomeur.<\/p>\n\n\n\n<p>Pas de podium cette fois pour nos jeunes, mais contents d&rsquo;un bel apr\u00e8s-midi de ping.  <\/p>\n\n\n\n<figure class=\"wp-block-image size-large\"><img loading=\"lazy\" decoding=\"async\" width=\"877\" height=\"1024\" src=\"https:\/\/ppck.asso.fr\/ppck\/wp-content\/uploads\/2024\/05\/2024_Finale-Circuit-877x1024.jpg\" alt=\"\" class=\"wp-image-5455\" srcset=\"https:\/\/ppck.asso.fr\/ppck\/wp-content\/uploads\/2024\/05\/2024_Finale-Circuit-877x1024.jpg 877w, https:\/\/ppck.asso.fr\/ppck\/wp-content\/uploads\/2024\/05\/2024_Finale-Circuit-257x300.jpg 257w, https:\/\/ppck.asso.fr\/ppck\/wp-content\/uploads\/2024\/05\/2024_Finale-Circuit-768x897.jpg 768w, https:\/\/ppck.asso.fr\/ppck\/wp-content\/uploads\/2024\/05\/2024_Finale-Circuit.jpg 1105w\" sizes=\"auto, (max-width: 877px) 100vw, 877px\" \/><\/figure>\n","protected":false},"excerpt":{"rendered":"<p>AMANDINE ET ACHILLE<\/p>\n","protected":false},"author":1,"featured_media":5455,"comment_status":"closed","ping_status":"open","sticky":false,"template":"","format":"standard","meta":{"footnotes":""},"categories":[1],"tags":[],"class_list":["post-5452","post","type-post","status-publish","format-standard","has-post-thumbnail","hentry","category-general"],"publishpress_future_action":{"enabled":false,"date":"2026-05-04 23:40:45","action":"change-status","newStatus":"draft","terms":[],"taxonomy":"category","extraData":[]},"publishpress_future_workflow_manual_trigger":{"enabledWorkflows":[]},"_links":{"self":[{"href":"https:\/\/ppck.asso.fr\/ppck\/wp-json\/wp\/v2\/posts\/5452","targetHints":{"allow":["GET"]}}],"collection":[{"href":"https:\/\/ppck.asso.fr\/ppck\/wp-json\/wp\/v2\/posts"}],"about":[{"href":"https:\/\/ppck.asso.fr\/ppck\/wp-json\/wp\/v2\/types\/post"}],"author":[{"embeddable":true,"href":"https:\/\/ppck.asso.fr\/ppck\/wp-json\/wp\/v2\/users\/1"}],"replies":[{"embeddable":true,"href":"https:\/\/ppck.asso.fr\/ppck\/wp-json\/wp\/v2\/comments?post=5452"}],"version-history":[{"count":1,"href":"https:\/\/ppck.asso.fr\/ppck\/wp-json\/wp\/v2\/posts\/5452\/revisions"}],"predecessor-version":[{"id":5456,"href":"https:\/\/ppck.asso.fr\/ppck\/wp-json\/wp\/v2\/posts\/5452\/revisions\/5456"}],"wp:featuredmedia":[{"embeddable":true,"href":"https:\/\/ppck.asso.fr\/ppck\/wp-json\/wp\/v2\/media\/5455"}],"wp:attachment":[{"href":"https:\/\/ppck.asso.fr\/ppck\/wp-json\/wp\/v2\/media?parent=5452"}],"wp:term":[{"taxonomy":"category","embeddable":true,"href":"https:\/\/ppck.asso.fr\/ppck\/wp-json\/wp\/v2\/categories?post=5452"},{"taxonomy":"post_tag","embeddable":true,"href":"https:\/\/ppck.asso.fr\/ppck\/wp-json\/wp\/v2\/tags?post=5452"}],"curies":[{"name":"wp","href":"https:\/\/api.w.org\/{rel}","templated":true}]}}