{"id":4925,"date":"2023-11-13T14:22:10","date_gmt":"2023-11-13T14:22:10","guid":{"rendered":"https:\/\/ppck.asso.fr\/ppck\/?p=4925"},"modified":"2023-11-13T14:22:47","modified_gmt":"2023-11-13T14:22:47","slug":"circuit-des-jeunes-tour-n1","status":"publish","type":"post","link":"https:\/\/ppck.asso.fr\/ppck\/2023\/11\/13\/circuit-des-jeunes-tour-n1\/","title":{"rendered":"CIRCUIT DES JEUNES \/ TOUR N\u00b01"},"content":{"rendered":"\n<p><img loading=\"lazy\" decoding=\"async\" height=\"16\" width=\"16\" src=\"https:\/\/static.xx.fbcdn.net\/images\/emoji.php\/v9\/t33\/1.5\/16\/1f3d3.png\" alt=\"\ud83c\udfd3\"><img loading=\"lazy\" decoding=\"async\" height=\"16\" width=\"16\" src=\"https:\/\/static.xx.fbcdn.net\/images\/emoji.php\/v9\/t4\/1.5\/16\/1f476.png\" alt=\"\ud83d\udc76\">&nbsp;&#8211; <\/p>\n\n\n\n<p>En parall\u00e8le des comp\u00e9titions v\u00e9t\u00e9rans, se tenait samedi le tour n\u00b0<img loading=\"lazy\" decoding=\"async\" height=\"16\" width=\"16\" src=\"https:\/\/static.xx.fbcdn.net\/images\/emoji.php\/v9\/t93\/1.5\/16\/31_20e3.png\" alt=\"1\ufe0f\u20e3\">\u00a0du Circuit des Jeunes. Avec\u00a0<img loading=\"lazy\" decoding=\"async\" height=\"16\" width=\"16\" src=\"https:\/\/static.xx.fbcdn.net\/images\/emoji.php\/v9\/tf0\/1.5\/16\/34_20e3.png\" alt=\"4\ufe0f\u20e3\"><img loading=\"lazy\" decoding=\"async\" height=\"16\" width=\"16\" src=\"https:\/\/static.xx.fbcdn.net\/images\/emoji.php\/v9\/td1\/1.5\/16\/33_20e3.png\" alt=\"3\ufe0f\u20e3\">\u00a0pongistes en herbe pr\u00e9sents, la salle du\u00a0<a href=\"https:\/\/www.facebook.com\/profile.php?id=100063620588519&amp;__cft__[0]=AZXqb7dcECRlX3AnnyhtZA318xWAT16Ht1Cfp23g2mst7iyfCSFPt8lKzn-eWy-M6E90Izp5tq8Mx1sA-rT6iaD64uydsyRr18B5f8_g4iBItJJOqlf4XuW752Aegj3oUCzFgeZtudL4NbJAquzf_c_-y2KjnFHnXRRDeSuJcd-PS1qMpwnQDfoR0Tfh8uNu1Sk&amp;__tn__=-]K*F\">PPCK<\/a>\u00a0a fait le plein et parmi eux,\u00a0<img loading=\"lazy\" decoding=\"async\" height=\"16\" width=\"16\" src=\"https:\/\/static.xx.fbcdn.net\/images\/emoji.php\/v9\/t2e\/1.5\/16\/36_20e3.png\" alt=\"6\ufe0f\u20e3\">\u00a0jeunes issus du cru\u00a0<img loading=\"lazy\" decoding=\"async\" height=\"16\" width=\"16\" src=\"https:\/\/static.xx.fbcdn.net\/images\/emoji.php\/v9\/t48\/1.5\/16\/1f535.png\" alt=\"\ud83d\udd35\"><img loading=\"lazy\" decoding=\"async\" height=\"16\" width=\"16\" src=\"https:\/\/static.xx.fbcdn.net\/images\/emoji.php\/v9\/t95\/1.5\/16\/26ab.png\" alt=\"\u26ab\ufe0f\"><img loading=\"lazy\" decoding=\"async\" height=\"16\" width=\"16\" src=\"https:\/\/static.xx.fbcdn.net\/images\/emoji.php\/v9\/t14\/1.5\/16\/26aa.png\" alt=\"\u26aa\ufe0f\">.<\/p>\n\n\n\n<p>Orchestr\u00e9 par nos JA,&nbsp;<a href=\"https:\/\/www.facebook.com\/cecile.gardachvaleri.7?__cft__[0]=AZXqb7dcECRlX3AnnyhtZA318xWAT16Ht1Cfp23g2mst7iyfCSFPt8lKzn-eWy-M6E90Izp5tq8Mx1sA-rT6iaD64uydsyRr18B5f8_g4iBItJJOqlf4XuW752Aegj3oUCzFgeZtudL4NbJAquzf_c_-y2KjnFHnXRRDeSuJcd-PS1qMpwnQDfoR0Tfh8uNu1Sk&amp;__tn__=-]K*F\">C\u00e9cile<\/a>&nbsp;&amp;&nbsp;<a href=\"https:\/\/www.facebook.com\/thierry.ppck?__cft__[0]=AZXqb7dcECRlX3AnnyhtZA318xWAT16Ht1Cfp23g2mst7iyfCSFPt8lKzn-eWy-M6E90Izp5tq8Mx1sA-rT6iaD64uydsyRr18B5f8_g4iBItJJOqlf4XuW752Aegj3oUCzFgeZtudL4NbJAquzf_c_-y2KjnFHnXRRDeSuJcd-PS1qMpwnQDfoR0Tfh8uNu1Sk&amp;__tn__=-]K*F\">Thierry<\/a>, la comp\u00e9tition a tenu toutes ses promesses. Parmi les bons r\u00e9sultats, on notera la&nbsp;<img loading=\"lazy\" decoding=\"async\" height=\"16\" width=\"16\" alt=\"6\ufe0f\u20e3\" src=\"https:\/\/static.xx.fbcdn.net\/images\/emoji.php\/v9\/t2e\/1.5\/16\/36_20e3.png\">\u00e8 place d&rsquo;Amandine Vannier et la&nbsp;<img loading=\"lazy\" decoding=\"async\" height=\"16\" width=\"16\" alt=\"\ud83d\udd1f\" src=\"https:\/\/static.xx.fbcdn.net\/images\/emoji.php\/v9\/tbb\/1.5\/16\/1f51f.png\">\u00e8 d&rsquo;Achille Herry.<\/p>\n\n\n\n<p>Mais la perf&rsquo;&nbsp;<img loading=\"lazy\" decoding=\"async\" height=\"16\" width=\"16\" alt=\"\ud83d\udcaa\" src=\"https:\/\/static.xx.fbcdn.net\/images\/emoji.php\/v9\/tc5\/1.5\/16\/1f4aa.png\">&nbsp;du jour est \u00e0 mettre \u00e0 l&rsquo;actif d&rsquo;Anna Migadel qui d\u00e9croche le titre&nbsp;<img loading=\"lazy\" decoding=\"async\" height=\"16\" width=\"16\" alt=\"\ud83c\udfc6\" src=\"https:\/\/static.xx.fbcdn.net\/images\/emoji.php\/v9\/t17\/1.5\/16\/1f3c6.png\">&nbsp;en f\u00e9minines, devant&nbsp;<img loading=\"lazy\" decoding=\"async\" height=\"16\" width=\"16\" alt=\"2\ufe0f\u20e3\" src=\"https:\/\/static.xx.fbcdn.net\/images\/emoji.php\/v9\/tb2\/1.5\/16\/32_20e3.png\">&nbsp;joueuses de l&rsquo;&nbsp;<a href=\"https:\/\/www.facebook.com\/profile.php?id=100057402641609&amp;__cft__[0]=AZXqb7dcECRlX3AnnyhtZA318xWAT16Ht1Cfp23g2mst7iyfCSFPt8lKzn-eWy-M6E90Izp5tq8Mx1sA-rT6iaD64uydsyRr18B5f8_g4iBItJJOqlf4XuW752Aegj3oUCzFgeZtudL4NbJAquzf_c_-y2KjnFHnXRRDeSuJcd-PS1qMpwnQDfoR0Tfh8uNu1Sk&amp;__tn__=-]K*F\">ASC Guiclan TT<\/a>. Bravo \u00e0 elle !<\/p>\n\n\n\n<p>Ce week-end, place \u00e0 une nouvelle journ\u00e9e&nbsp;<img loading=\"lazy\" decoding=\"async\" height=\"16\" width=\"16\" alt=\"\ud83d\udcc5\" src=\"https:\/\/static.xx.fbcdn.net\/images\/emoji.php\/v9\/td7\/1.5\/16\/1f4c5.png\">&nbsp;de championnat par \u00e9quipes.<\/p>\n\n\n\n<figure class=\"wp-block-image size-large\"><img loading=\"lazy\" decoding=\"async\" width=\"1024\" height=\"746\" src=\"https:\/\/ppck.asso.fr\/ppck\/wp-content\/uploads\/2023\/11\/2023_CJT1_C-1024x746.jpg\" alt=\"\" class=\"wp-image-4926\" srcset=\"https:\/\/ppck.asso.fr\/ppck\/wp-content\/uploads\/2023\/11\/2023_CJT1_C-1024x746.jpg 1024w, https:\/\/ppck.asso.fr\/ppck\/wp-content\/uploads\/2023\/11\/2023_CJT1_C-300x219.jpg 300w, https:\/\/ppck.asso.fr\/ppck\/wp-content\/uploads\/2023\/11\/2023_CJT1_C-768x559.jpg 768w, https:\/\/ppck.asso.fr\/ppck\/wp-content\/uploads\/2023\/11\/2023_CJT1_C.jpg 1200w\" sizes=\"auto, (max-width: 1024px) 100vw, 1024px\" \/><\/figure>\n","protected":false},"excerpt":{"rendered":"<p>LE TITRE POUR ANNA<\/p>\n","protected":false},"author":1,"featured_media":4926,"comment_status":"closed","ping_status":"open","sticky":false,"template":"","format":"standard","meta":{"footnotes":""},"categories":[1],"tags":[],"class_list":["post-4925","post","type-post","status-publish","format-standard","has-post-thumbnail","hentry","category-general"],"publishpress_future_action":{"enabled":false,"date":"2026-05-06 00:38:32","action":"change-status","newStatus":"draft","terms":[],"taxonomy":"category","extraData":[]},"publishpress_future_workflow_manual_trigger":{"enabledWorkflows":[]},"_links":{"self":[{"href":"https:\/\/ppck.asso.fr\/ppck\/wp-json\/wp\/v2\/posts\/4925","targetHints":{"allow":["GET"]}}],"collection":[{"href":"https:\/\/ppck.asso.fr\/ppck\/wp-json\/wp\/v2\/posts"}],"about":[{"href":"https:\/\/ppck.asso.fr\/ppck\/wp-json\/wp\/v2\/types\/post"}],"author":[{"embeddable":true,"href":"https:\/\/ppck.asso.fr\/ppck\/wp-json\/wp\/v2\/users\/1"}],"replies":[{"embeddable":true,"href":"https:\/\/ppck.asso.fr\/ppck\/wp-json\/wp\/v2\/comments?post=4925"}],"version-history":[{"count":2,"href":"https:\/\/ppck.asso.fr\/ppck\/wp-json\/wp\/v2\/posts\/4925\/revisions"}],"predecessor-version":[{"id":4928,"href":"https:\/\/ppck.asso.fr\/ppck\/wp-json\/wp\/v2\/posts\/4925\/revisions\/4928"}],"wp:featuredmedia":[{"embeddable":true,"href":"https:\/\/ppck.asso.fr\/ppck\/wp-json\/wp\/v2\/media\/4926"}],"wp:attachment":[{"href":"https:\/\/ppck.asso.fr\/ppck\/wp-json\/wp\/v2\/media?parent=4925"}],"wp:term":[{"taxonomy":"category","embeddable":true,"href":"https:\/\/ppck.asso.fr\/ppck\/wp-json\/wp\/v2\/categories?post=4925"},{"taxonomy":"post_tag","embeddable":true,"href":"https:\/\/ppck.asso.fr\/ppck\/wp-json\/wp\/v2\/tags?post=4925"}],"curies":[{"name":"wp","href":"https:\/\/api.w.org\/{rel}","templated":true}]}}