{"id":4283,"date":"2023-05-22T07:48:44","date_gmt":"2023-05-22T07:48:44","guid":{"rendered":"https:\/\/ppck.asso.fr\/ppck\/?p=4283"},"modified":"2023-05-22T07:48:44","modified_gmt":"2023-05-22T07:48:44","slug":"mutation-saison-2023-2024","status":"publish","type":"post","link":"https:\/\/ppck.asso.fr\/ppck\/2023\/05\/22\/mutation-saison-2023-2024\/","title":{"rendered":"MUTATION &#8211; SAISON 2023-2024"},"content":{"rendered":"\n<p>Apr\u00e8s une saison historique avec l&rsquo;arriv\u00e9e d&rsquo;une&nbsp;<img loading=\"lazy\" decoding=\"async\" height=\"16\" width=\"16\" alt=\"3\ufe0f\u20e3\" src=\"https:\/\/static.xx.fbcdn.net\/images\/emoji.php\/v9\/td1\/1.5\/16\/33_20e3.png\">\u00e8me r\u00e9gionale et l&rsquo;accession \u00e0 la R<img loading=\"lazy\" decoding=\"async\" height=\"16\" width=\"16\" alt=\"1\ufe0f\u20e3\" src=\"https:\/\/static.xx.fbcdn.net\/images\/emoji.php\/v9\/t93\/1.5\/16\/31_20e3.png\">, le PPC Kerhuon souhaite poursuivre sa progression et accueillir de nouveaux adh\u00e9rents en vue de la saison prochaine.<\/p>\n\n\n\n<p>Pr\u00e9sent dans toutes les divisions de la R\u00e9gionale 1 \u00e0 la D\u00e9partementale 5, vous \u00eates certain d&rsquo;y trouver une place correspondant \u00e0 votre niveau&nbsp;<img loading=\"lazy\" decoding=\"async\" height=\"16\" width=\"16\" alt=\"\ud83c\udfd3\" src=\"https:\/\/static.xx.fbcdn.net\/images\/emoji.php\/v9\/t33\/1.5\/16\/1f3d3.png\"><\/p>\n\n\n\n<p>Avec&nbsp;<img loading=\"lazy\" decoding=\"async\" height=\"16\" width=\"16\" alt=\"1\ufe0f\u20e3\" src=\"https:\/\/static.xx.fbcdn.net\/images\/emoji.php\/v9\/t93\/1.5\/16\/31_20e3.png\"><img loading=\"lazy\" decoding=\"async\" height=\"16\" width=\"16\" alt=\"9\ufe0f\u20e3\" src=\"https:\/\/static.xx.fbcdn.net\/images\/emoji.php\/v9\/t8b\/1.5\/16\/39_20e3.png\"><img loading=\"lazy\" decoding=\"async\" height=\"16\" width=\"16\" alt=\"1\ufe0f\u20e3\" src=\"https:\/\/static.xx.fbcdn.net\/images\/emoji.php\/v9\/t93\/1.5\/16\/31_20e3.png\">&nbsp;licenci\u00e9s (record dans le d\u00e9partement) et disposant d&rsquo;une salle sp\u00e9cifique de&nbsp;<img loading=\"lazy\" decoding=\"async\" height=\"16\" width=\"16\" alt=\"1\ufe0f\u20e3\" src=\"https:\/\/static.xx.fbcdn.net\/images\/emoji.php\/v9\/t93\/1.5\/16\/31_20e3.png\"><img loading=\"lazy\" decoding=\"async\" height=\"16\" width=\"16\" alt=\"2\ufe0f\u20e3\" src=\"https:\/\/static.xx.fbcdn.net\/images\/emoji.php\/v9\/tb2\/1.5\/16\/32_20e3.png\">&nbsp;tables, nos s\u00e9ances sont encadr\u00e9es par des entra\u00eeneurs dipl\u00f4m\u00e9s&nbsp;<img loading=\"lazy\" decoding=\"async\" height=\"16\" width=\"16\" alt=\"\ud83d\udcaa\" src=\"https:\/\/static.xx.fbcdn.net\/images\/emoji.php\/v9\/tc5\/1.5\/16\/1f4aa.png\">&nbsp;b\u00e9n\u00e9voles, et, nous l&rsquo;esp\u00e9rons, par un(e) employ\u00e9(e) \u00e0 compter de la rentr\u00e9e prochaine.<br>Les cr\u00e9neaux sont ouverts aux d\u00e9butants d\u00e8s 5 ans, mais aussi aux plus aguerris ou aux joueurs de niveau confirm\u00e9.<\/p>\n\n\n\n<p>Le&nbsp;<a href=\"https:\/\/www.facebook.com\/profile.php?id=100063620588519&amp;__cft__[0]=AZUMDETPEjC4_Qj7bcX6UIhnPfQWkMb24LDm6h4fYH9HcQbudeOGZkHTHTdZN9jAxCb_qxTf62ySSilEpFN3PQ4drartLNiVXI1DWJTmO1HV9RN2Hk7_ujh_CsT660hBFcZhrW1mmZiUtexEfrU2Nm3ryCxGO8YGyWFULniHsflNwru6djUdaN1MsTaKPrX6L7M&amp;__tn__=-]K*F\">Ping Pong Club Kerhuonnais<\/a>&nbsp;met \u00e9galement en place des horaires r\u00e9serv\u00e9s aux pongistes en situation de handicap&nbsp;<img loading=\"lazy\" decoding=\"async\" height=\"16\" width=\"16\" alt=\"\ud83d\udc68\u200d\ud83e\uddbd\" src=\"https:\/\/static.xx.fbcdn.net\/images\/emoji.php\/v9\/t67\/1.5\/16\/1f468_200d_1f9bd.png\">&nbsp;gr\u00e2ce au soutien de plusieurs b\u00e9n\u00e9voles.<\/p>\n\n\n\n<p>En bref, le PPCK est un club ouvert \u00e0 TOUTES et TOUS, dans lequel vous y trouverez des valeurs de partage, de convivialit\u00e9 et une structure qui vous permettra de progresser&nbsp;<img loading=\"lazy\" decoding=\"async\" height=\"16\" width=\"16\" alt=\"\ud83d\udcc8\" src=\"https:\/\/static.xx.fbcdn.net\/images\/emoji.php\/v9\/t5a\/1.5\/16\/1f4c8.png\">&nbsp;et de vous \u00e9panouir dans votre sport.<\/p>\n\n\n\n<p>Si vous \u00eates int\u00e9ress\u00e9s ou souhaitez obtenir plus d&rsquo;informations, n&rsquo;h\u00e9sitez pas \u00e0 prendre contact aupr\u00e8s de :<br>&#8211; Thierry HEIME (pr\u00e9sident) : president@ppck.asso.fr<br>&#8211; Arnaud LAURENT (responsable sportif) : alaurent2004@yahoo.fr<\/p>\n\n\n\n<figure class=\"wp-block-image size-full\"><img loading=\"lazy\" decoding=\"async\" width=\"630\" height=\"420\" src=\"https:\/\/ppck.asso.fr\/ppck\/wp-content\/uploads\/2023\/05\/2023_Mutation.jpg\" alt=\"\" class=\"wp-image-4284\" srcset=\"https:\/\/ppck.asso.fr\/ppck\/wp-content\/uploads\/2023\/05\/2023_Mutation.jpg 630w, https:\/\/ppck.asso.fr\/ppck\/wp-content\/uploads\/2023\/05\/2023_Mutation-300x200.jpg 300w\" sizes=\"auto, (max-width: 630px) 100vw, 630px\" \/><\/figure>\n","protected":false},"excerpt":{"rendered":"<p>MUTATION ORDINAIRE DU 15 MAI AU 15 JUIN<\/p>\n","protected":false},"author":1,"featured_media":4284,"comment_status":"closed","ping_status":"open","sticky":false,"template":"","format":"standard","meta":{"footnotes":""},"categories":[1],"tags":[],"class_list":["post-4283","post","type-post","status-publish","format-standard","has-post-thumbnail","hentry","category-general"],"publishpress_future_action":{"enabled":false,"date":"2026-05-04 18:56:39","action":"change-status","newStatus":"draft","terms":[],"taxonomy":"category","extraData":[]},"publishpress_future_workflow_manual_trigger":{"enabledWorkflows":[]},"_links":{"self":[{"href":"https:\/\/ppck.asso.fr\/ppck\/wp-json\/wp\/v2\/posts\/4283","targetHints":{"allow":["GET"]}}],"collection":[{"href":"https:\/\/ppck.asso.fr\/ppck\/wp-json\/wp\/v2\/posts"}],"about":[{"href":"https:\/\/ppck.asso.fr\/ppck\/wp-json\/wp\/v2\/types\/post"}],"author":[{"embeddable":true,"href":"https:\/\/ppck.asso.fr\/ppck\/wp-json\/wp\/v2\/users\/1"}],"replies":[{"embeddable":true,"href":"https:\/\/ppck.asso.fr\/ppck\/wp-json\/wp\/v2\/comments?post=4283"}],"version-history":[{"count":1,"href":"https:\/\/ppck.asso.fr\/ppck\/wp-json\/wp\/v2\/posts\/4283\/revisions"}],"predecessor-version":[{"id":4285,"href":"https:\/\/ppck.asso.fr\/ppck\/wp-json\/wp\/v2\/posts\/4283\/revisions\/4285"}],"wp:featuredmedia":[{"embeddable":true,"href":"https:\/\/ppck.asso.fr\/ppck\/wp-json\/wp\/v2\/media\/4284"}],"wp:attachment":[{"href":"https:\/\/ppck.asso.fr\/ppck\/wp-json\/wp\/v2\/media?parent=4283"}],"wp:term":[{"taxonomy":"category","embeddable":true,"href":"https:\/\/ppck.asso.fr\/ppck\/wp-json\/wp\/v2\/categories?post=4283"},{"taxonomy":"post_tag","embeddable":true,"href":"https:\/\/ppck.asso.fr\/ppck\/wp-json\/wp\/v2\/tags?post=4283"}],"curies":[{"name":"wp","href":"https:\/\/api.w.org\/{rel}","templated":true}]}}