{"id":3943,"date":"2022-11-14T10:52:14","date_gmt":"2022-11-14T10:52:14","guid":{"rendered":"https:\/\/ppck.asso.fr\/ppck\/?p=3943"},"modified":"2022-11-14T11:02:00","modified_gmt":"2022-11-14T11:02:00","slug":"championnat-du-finistere-veteran","status":"publish","type":"post","link":"https:\/\/ppck.asso.fr\/ppck\/2022\/11\/14\/championnat-du-finistere-veteran\/","title":{"rendered":"CHAMPIONNAT DU FINISTERE V\u00c9T\u00c9RAN"},"content":{"rendered":"\n<p>Belle moisson de m\u00e9dailles <img loading=\"lazy\" decoding=\"async\" height=\"16\" width=\"16\" alt=\"\ud83c\udfc5\" src=\"https:\/\/static.xx.fbcdn.net\/images\/emoji.php\/v9\/t96\/1.5\/16\/1f3c5.png\">pour nos pongistes de <img loading=\"lazy\" decoding=\"async\" height=\"16\" width=\"16\" alt=\"4\ufe0f\u20e3\" src=\"https:\/\/static.xx.fbcdn.net\/images\/emoji.php\/v9\/tf0\/1.5\/16\/34_20e3.png\"><img loading=\"lazy\" decoding=\"async\" height=\"16\" width=\"16\" alt=\"0\ufe0f\u20e3\" src=\"https:\/\/static.xx.fbcdn.net\/images\/emoji.php\/v9\/t74\/1.5\/16\/30_20e3.png\">ans et + ce week-end \u00e0 Taul\u00e9. Avec pas moins de <img loading=\"lazy\" decoding=\"async\" height=\"16\" width=\"16\" alt=\"5\ufe0f\u20e3\" src=\"https:\/\/static.xx.fbcdn.net\/images\/emoji.php\/v9\/tf\/1.5\/16\/35_20e3.png\"> podiums et plus d&rsquo;une 1\/2 douzaine de qualifi\u00e9s au Bretagne, les r\u00e9sultats sont au rendez-vous <img loading=\"lazy\" decoding=\"async\" height=\"16\" width=\"16\" alt=\"\ud83d\udc4d\" src=\"https:\/\/static.xx.fbcdn.net\/images\/emoji.php\/v9\/t55\/1.5\/16\/1f44d.png\">.<\/p>\n\n\n\n<p>Coupe Nationale V1 &#8211; <img loading=\"lazy\" decoding=\"async\" height=\"16\" width=\"16\" alt=\"4\ufe0f\u20e3\" src=\"https:\/\/static.xx.fbcdn.net\/images\/emoji.php\/v9\/tf0\/1.5\/16\/34_20e3.png\"><img loading=\"lazy\" decoding=\"async\" height=\"16\" width=\"16\" alt=\"0\ufe0f\u20e3\" src=\"https:\/\/static.xx.fbcdn.net\/images\/emoji.php\/v9\/t74\/1.5\/16\/30_20e3.png\"> ans et +<\/p>\n\n\n\n<p><img loading=\"lazy\" decoding=\"async\" height=\"16\" width=\"16\" alt=\"\ud83e\udd47\" src=\"https:\/\/static.xx.fbcdn.net\/images\/emoji.php\/v9\/ted\/1.5\/16\/1f947.png\"> 1. <a href=\"https:\/\/www.facebook.com\/profile.php?id=100063620588519&amp;__cft__[0]=AZW2S8D4YQ7ZBSGzuPncD2oJ7ya4TuP64SEB5baZBhofcwRo_IftSOZAeObUgpqwtx9cYcWL5H0Ula7Q03lKrKyp2Po1ytiF7SxL0Db983ZXdxWqo6Y2gmDA8znhMneFaTJasc0E6I6VedZlC-hLncVU&amp;__tn__=-]K-R\">PPCK<\/a> 1 \/ S\u00e9bastien Becquet &amp; Jean-Philippe Perrot<\/p>\n\n\n\n<p><img loading=\"lazy\" decoding=\"async\" height=\"16\" width=\"16\" alt=\"\ud83e\udd48\" src=\"https:\/\/static.xx.fbcdn.net\/images\/emoji.php\/v9\/t6e\/1.5\/16\/1f948.png\"> 2. <a href=\"https:\/\/www.facebook.com\/profile.php?id=100063620588519&amp;__cft__[0]=AZW2S8D4YQ7ZBSGzuPncD2oJ7ya4TuP64SEB5baZBhofcwRo_IftSOZAeObUgpqwtx9cYcWL5H0Ula7Q03lKrKyp2Po1ytiF7SxL0Db983ZXdxWqo6Y2gmDA8znhMneFaTJasc0E6I6VedZlC-hLncVU&amp;__tn__=-]K-R\">PPCK<\/a> 2 \/ Katell Ogor, Vincent Le Gall &amp; Pascal Laurans<\/p>\n\n\n\n<p>Individuels V1 &#8211; <img loading=\"lazy\" decoding=\"async\" height=\"16\" width=\"16\" alt=\"4\ufe0f\u20e3\" src=\"https:\/\/static.xx.fbcdn.net\/images\/emoji.php\/v9\/tf0\/1.5\/16\/34_20e3.png\"><img loading=\"lazy\" decoding=\"async\" height=\"16\" width=\"16\" alt=\"0\ufe0f\u20e3\" src=\"https:\/\/static.xx.fbcdn.net\/images\/emoji.php\/v9\/t74\/1.5\/16\/30_20e3.png\"> ans et +<\/p>\n\n\n\n<p><img loading=\"lazy\" decoding=\"async\" height=\"16\" width=\"16\" alt=\"\ud83e\udd48\" src=\"https:\/\/static.xx.fbcdn.net\/images\/emoji.php\/v9\/t6e\/1.5\/16\/1f948.png\"> 2. Jean-Philippe Perrot<\/p>\n\n\n\n<p><img loading=\"lazy\" decoding=\"async\" height=\"16\" width=\"16\" alt=\"\ud83e\udd49\" src=\"https:\/\/static.xx.fbcdn.net\/images\/emoji.php\/v9\/tef\/1.5\/16\/1f949.png\"> 3. S\u00e9bastien Becquet<\/p>\n\n\n\n<p>Individuels V3 &#8211; <img loading=\"lazy\" decoding=\"async\" height=\"16\" width=\"16\" alt=\"6\ufe0f\u20e3\" src=\"https:\/\/static.xx.fbcdn.net\/images\/emoji.php\/v9\/t2e\/1.5\/16\/36_20e3.png\"><img loading=\"lazy\" decoding=\"async\" height=\"16\" width=\"16\" alt=\"0\ufe0f\u20e3\" src=\"https:\/\/static.xx.fbcdn.net\/images\/emoji.php\/v9\/t74\/1.5\/16\/30_20e3.png\"> ans et +<\/p>\n\n\n\n<p><img loading=\"lazy\" decoding=\"async\" height=\"16\" width=\"16\" alt=\"\ud83e\udd47\" src=\"https:\/\/static.xx.fbcdn.net\/images\/emoji.php\/v9\/ted\/1.5\/16\/1f947.png\"> 1. <a href=\"https:\/\/www.facebook.com\/pascal.briec?__cft__[0]=AZW2S8D4YQ7ZBSGzuPncD2oJ7ya4TuP64SEB5baZBhofcwRo_IftSOZAeObUgpqwtx9cYcWL5H0Ula7Q03lKrKyp2Po1ytiF7SxL0Db983ZXdxWqo6Y2gmDA8znhMneFaTJasc0E6I6VedZlC-hLncVU&amp;__tn__=-]K-R\">Pascal Briec<\/a><\/p>\n\n\n\n<p>En plus de ces r\u00e9compenses, le club d\u00e9croche pour la <img loading=\"lazy\" decoding=\"async\" height=\"16\" width=\"16\" alt=\"2\ufe0f\u20e3\" src=\"https:\/\/static.xx.fbcdn.net\/images\/emoji.php\/v9\/tb2\/1.5\/16\/32_20e3.png\">\u00e8 ann\u00e9e cons\u00e9cutive le challenge club. Bravo \u00e0 toutes et \u00e0 tous <img loading=\"lazy\" decoding=\"async\" height=\"16\" width=\"16\" alt=\"\ud83e\udef6\" src=\"https:\/\/static.xx.fbcdn.net\/images\/emoji.php\/v9\/ta2\/1.5\/16\/1faf6.png\"><\/p>\n\n\n\n<figure class=\"wp-block-image size-large\"><img loading=\"lazy\" decoding=\"async\" width=\"1024\" height=\"768\" src=\"https:\/\/ppck.asso.fr\/ppck\/wp-content\/uploads\/2022\/11\/2022_Veteran01-1024x768.jpg\" alt=\"\" class=\"wp-image-3944\" srcset=\"https:\/\/ppck.asso.fr\/ppck\/wp-content\/uploads\/2022\/11\/2022_Veteran01-1024x768.jpg 1024w, https:\/\/ppck.asso.fr\/ppck\/wp-content\/uploads\/2022\/11\/2022_Veteran01-300x225.jpg 300w, https:\/\/ppck.asso.fr\/ppck\/wp-content\/uploads\/2022\/11\/2022_Veteran01-768x576.jpg 768w, https:\/\/ppck.asso.fr\/ppck\/wp-content\/uploads\/2022\/11\/2022_Veteran01-1536x1152.jpg 1536w, https:\/\/ppck.asso.fr\/ppck\/wp-content\/uploads\/2022\/11\/2022_Veteran01.jpg 2048w\" sizes=\"auto, (max-width: 1024px) 100vw, 1024px\" \/><\/figure>\n\n\n\n<figure class=\"wp-block-image size-large\"><img loading=\"lazy\" decoding=\"async\" width=\"1024\" height=\"768\" src=\"https:\/\/ppck.asso.fr\/ppck\/wp-content\/uploads\/2022\/11\/2022_Veteran02-1024x768.jpg\" alt=\"\" class=\"wp-image-3945\" srcset=\"https:\/\/ppck.asso.fr\/ppck\/wp-content\/uploads\/2022\/11\/2022_Veteran02-1024x768.jpg 1024w, https:\/\/ppck.asso.fr\/ppck\/wp-content\/uploads\/2022\/11\/2022_Veteran02-300x225.jpg 300w, https:\/\/ppck.asso.fr\/ppck\/wp-content\/uploads\/2022\/11\/2022_Veteran02-768x576.jpg 768w, https:\/\/ppck.asso.fr\/ppck\/wp-content\/uploads\/2022\/11\/2022_Veteran02-1536x1152.jpg 1536w, https:\/\/ppck.asso.fr\/ppck\/wp-content\/uploads\/2022\/11\/2022_Veteran02.jpg 2016w\" sizes=\"auto, (max-width: 1024px) 100vw, 1024px\" \/><\/figure>\n\n\n\n<figure class=\"wp-block-image size-large\"><img loading=\"lazy\" decoding=\"async\" width=\"1024\" height=\"768\" src=\"https:\/\/ppck.asso.fr\/ppck\/wp-content\/uploads\/2022\/11\/2022_Veteran03-1024x768.jpg\" alt=\"\" class=\"wp-image-3946\" srcset=\"https:\/\/ppck.asso.fr\/ppck\/wp-content\/uploads\/2022\/11\/2022_Veteran03-1024x768.jpg 1024w, https:\/\/ppck.asso.fr\/ppck\/wp-content\/uploads\/2022\/11\/2022_Veteran03-300x225.jpg 300w, https:\/\/ppck.asso.fr\/ppck\/wp-content\/uploads\/2022\/11\/2022_Veteran03-768x576.jpg 768w, https:\/\/ppck.asso.fr\/ppck\/wp-content\/uploads\/2022\/11\/2022_Veteran03-1536x1152.jpg 1536w, https:\/\/ppck.asso.fr\/ppck\/wp-content\/uploads\/2022\/11\/2022_Veteran03.jpg 2016w\" sizes=\"auto, (max-width: 1024px) 100vw, 1024px\" \/><\/figure>\n\n\n\n<figure class=\"wp-block-image size-large\"><img loading=\"lazy\" decoding=\"async\" width=\"768\" height=\"1024\" src=\"https:\/\/ppck.asso.fr\/ppck\/wp-content\/uploads\/2022\/11\/2022_Veteran04-768x1024.jpg\" alt=\"\" class=\"wp-image-3947\" srcset=\"https:\/\/ppck.asso.fr\/ppck\/wp-content\/uploads\/2022\/11\/2022_Veteran04-768x1024.jpg 768w, https:\/\/ppck.asso.fr\/ppck\/wp-content\/uploads\/2022\/11\/2022_Veteran04-225x300.jpg 225w, https:\/\/ppck.asso.fr\/ppck\/wp-content\/uploads\/2022\/11\/2022_Veteran04-1152x1536.jpg 1152w, https:\/\/ppck.asso.fr\/ppck\/wp-content\/uploads\/2022\/11\/2022_Veteran04.jpg 1512w\" sizes=\"auto, (max-width: 768px) 100vw, 768px\" \/><\/figure>\n","protected":false},"excerpt":{"rendered":"<p>Moisson de m\u00e9dailles au Finist\u00e8re V\u00e9t\u00e9ran<\/p>\n","protected":false},"author":1,"featured_media":3945,"comment_status":"closed","ping_status":"open","sticky":false,"template":"","format":"standard","meta":{"footnotes":""},"categories":[1],"tags":[],"class_list":["post-3943","post","type-post","status-publish","format-standard","has-post-thumbnail","hentry","category-general"],"publishpress_future_action":{"enabled":false,"date":"2026-05-06 00:49:53","action":"change-status","newStatus":"draft","terms":[],"taxonomy":"category","extraData":[]},"publishpress_future_workflow_manual_trigger":{"enabledWorkflows":[]},"_links":{"self":[{"href":"https:\/\/ppck.asso.fr\/ppck\/wp-json\/wp\/v2\/posts\/3943","targetHints":{"allow":["GET"]}}],"collection":[{"href":"https:\/\/ppck.asso.fr\/ppck\/wp-json\/wp\/v2\/posts"}],"about":[{"href":"https:\/\/ppck.asso.fr\/ppck\/wp-json\/wp\/v2\/types\/post"}],"author":[{"embeddable":true,"href":"https:\/\/ppck.asso.fr\/ppck\/wp-json\/wp\/v2\/users\/1"}],"replies":[{"embeddable":true,"href":"https:\/\/ppck.asso.fr\/ppck\/wp-json\/wp\/v2\/comments?post=3943"}],"version-history":[{"count":2,"href":"https:\/\/ppck.asso.fr\/ppck\/wp-json\/wp\/v2\/posts\/3943\/revisions"}],"predecessor-version":[{"id":3956,"href":"https:\/\/ppck.asso.fr\/ppck\/wp-json\/wp\/v2\/posts\/3943\/revisions\/3956"}],"wp:featuredmedia":[{"embeddable":true,"href":"https:\/\/ppck.asso.fr\/ppck\/wp-json\/wp\/v2\/media\/3945"}],"wp:attachment":[{"href":"https:\/\/ppck.asso.fr\/ppck\/wp-json\/wp\/v2\/media?parent=3943"}],"wp:term":[{"taxonomy":"category","embeddable":true,"href":"https:\/\/ppck.asso.fr\/ppck\/wp-json\/wp\/v2\/categories?post=3943"},{"taxonomy":"post_tag","embeddable":true,"href":"https:\/\/ppck.asso.fr\/ppck\/wp-json\/wp\/v2\/tags?post=3943"}],"curies":[{"name":"wp","href":"https:\/\/api.w.org\/{rel}","templated":true}]}}